{"id":150138,"date":"2026-04-23T11:21:51","date_gmt":"2026-04-23T14:21:51","guid":{"rendered":"https:\/\/eldiariodesanpedro.com.ar\/sitio\/?p=150138"},"modified":"2026-04-23T11:21:55","modified_gmt":"2026-04-23T14:21:55","slug":"aprehenden-a-joven-por-encubrimiento-tras-recuperar-un-objeto-robado","status":"publish","type":"post","link":"https:\/\/eldiariodesanpedro.com.ar\/sitio\/aprehenden-a-joven-por-encubrimiento-tras-recuperar-un-objeto-robado\/","title":{"rendered":"Aprehenden a joven por encubrimiento tras recuperar un objeto robado"},"content":{"rendered":"<!-- VideographyWP Plugin Message: Automatic video embedding prevented by plugin options. -->\n\n<p>Un joven de 19 a\u00f1os fue aprehendido luego de que vecinos lo retuvieran con un elemento sustra\u00eddo de un veh\u00edculo durante la madrugada.<\/p>\n\n\n\n<p>El hecho ocurri\u00f3 en la intersecci\u00f3n de <strong>Goycochea y Almafuerte<\/strong>, donde personal del <strong>Grupo T\u00e1ctico Operativo (GTO)<\/strong> acudi\u00f3 tras una alerta por una aprehensi\u00f3n civil. En el lugar, se procedi\u00f3 a la <strong>aprehensi\u00f3n de un masculino de 19 a\u00f1os<\/strong>, quien ten\u00eda en su poder un <strong>acolchado reversible beige de 2 \u00bd plazas<\/strong>, el cual hab\u00eda sido <strong>sustra\u00eddo horas antes de un veh\u00edculo<\/strong>.<\/p>\n\n\n\n<p>El elemento fue <strong>reconocido por su propietario, un hombre de 59 a\u00f1os<\/strong>, quien confirm\u00f3 que le hab\u00eda sido robado durante la madrugada. Por disposici\u00f3n de la <strong>fiscal\u00eda local<\/strong>, se notific\u00f3 al imputado de la formaci\u00f3n de la causa por <strong>encubrimiento<\/strong>, se orden\u00f3 la <strong>restituci\u00f3n del objeto al damnificado<\/strong> y el joven qued\u00f3 <strong>alojado en el sector de calabozos a la espera de su primera remisi\u00f3n<\/strong>.<\/p>\n\n\n\n<p>#Encubrimiento #Aprehensi\u00f3n #Policiales #GTO #Robo #Inseguridad #ProcedimientoPolicial<\/p>\n\n\n\n<div class=\"wp-block-jetpack-slideshow aligncenter\" data-effect=\"slide\" style=\"--aspect-ratio:calc(474 \/ 630)\"><div class=\"wp-block-jetpack-slideshow_container swiper\"><ul class=\"wp-block-jetpack-slideshow_swiper-wrapper swiper-wrapper\"><li class=\"wp-block-jetpack-slideshow_slide swiper-slide\"><figure><img decoding=\"async\" width=\"474\" height=\"630\" alt=\"\" class=\"wp-block-jetpack-slideshow_image wp-image-150141 lazyload\" data-id=\"150141\" data-aspect-ratio=\"474 \/ 630\" data-src=\"https:\/\/eldiariodesanpedro.com.ar\/sitio\/wp-content\/uploads\/2026\/04\/5-5.jpg\" data-srcset=\"https:\/\/eldiariodesanpedro.com.ar\/sitio\/wp-content\/uploads\/2026\/04\/5-5.jpg 474w, https:\/\/eldiariodesanpedro.com.ar\/sitio\/wp-content\/uploads\/2026\/04\/5-5-226x300.jpg 226w\" data-sizes=\"(max-width: 474px) 100vw, 474px\" src=\"data:image\/svg+xml;base64,PHN2ZyB3aWR0aD0iMSIgaGVpZ2h0PSIxIiB4bWxucz0iaHR0cDovL3d3dy53My5vcmcvMjAwMC9zdmciPjwvc3ZnPg==\" style=\"--smush-placeholder-width: 474px; --smush-placeholder-aspect-ratio: 474\/630;\" \/><\/figure><\/li><li class=\"wp-block-jetpack-slideshow_slide swiper-slide\"><figure><img decoding=\"async\" width=\"474\" height=\"630\" alt=\"\" class=\"wp-block-jetpack-slideshow_image wp-image-150140 lazyload\" data-id=\"150140\" data-aspect-ratio=\"474 \/ 630\" data-src=\"https:\/\/eldiariodesanpedro.com.ar\/sitio\/wp-content\/uploads\/2026\/04\/6-4.jpg\" data-srcset=\"https:\/\/eldiariodesanpedro.com.ar\/sitio\/wp-content\/uploads\/2026\/04\/6-4.jpg 474w, https:\/\/eldiariodesanpedro.com.ar\/sitio\/wp-content\/uploads\/2026\/04\/6-4-226x300.jpg 226w\" data-sizes=\"(max-width: 474px) 100vw, 474px\" src=\"data:image\/svg+xml;base64,PHN2ZyB3aWR0aD0iMSIgaGVpZ2h0PSIxIiB4bWxucz0iaHR0cDovL3d3dy53My5vcmcvMjAwMC9zdmciPjwvc3ZnPg==\" style=\"--smush-placeholder-width: 474px; --smush-placeholder-aspect-ratio: 474\/630;\" \/><\/figure><\/li><\/ul><a class=\"wp-block-jetpack-slideshow_button-prev swiper-button-prev swiper-button-white\" role=\"button\"><\/a><a class=\"wp-block-jetpack-slideshow_button-next swiper-button-next swiper-button-white\" role=\"button\"><\/a><a aria-label=\"Pause Slideshow\" class=\"wp-block-jetpack-slideshow_button-pause\" role=\"button\"><\/a><div class=\"wp-block-jetpack-slideshow_pagination swiper-pagination swiper-pagination-white\"><\/div><\/div><\/div>\n","protected":false},"excerpt":{"rendered":"<p>Un joven de 19 a\u00f1os fue aprehendido luego de que vecinos lo retuvieran con un elemento sustra\u00eddo de un veh\u00edculo durante la madrugada. El hecho ocurri\u00f3 en la intersecci\u00f3n de Goycochea y Almafuerte, donde personal del Grupo T\u00e1ctico Operativo (GTO) acudi\u00f3 tras una alerta por una aprehensi\u00f3n civil. En el lugar, se procedi\u00f3 a la [&hellip;]<\/p>\n","protected":false},"author":4,"featured_media":150139,"comment_status":"closed","ping_status":"closed","sticky":false,"template":"","format":"standard","meta":{"om_disable_all_campaigns":false,"_jetpack_memberships_contains_paid_content":false,"footnotes":""},"categories":[2,103],"tags":[10322,5418,10321,3821,8686,10324,10325,10323],"class_list":["post-150138","post","type-post","status-publish","format-standard","has-post-thumbnail","hentry","category-locales","category-policiales-locales","tag-aprehension-encubrimiento","tag-fiscalia-local","tag-gto-intervencion","tag-inseguridad","tag-joven-detenido","tag-objeto-recuperado","tag-policia-procedimiento","tag-robo-en-vehiculo"],"aioseo_notices":[],"gutentor_comment":0,"jetpack_featured_media_url":"https:\/\/eldiariodesanpedro.com.ar\/sitio\/wp-content\/uploads\/2026\/04\/encubrimiento.jpg","jetpack_shortlink":"https:\/\/wp.me\/p6RhLt-D3A","jetpack_sharing_enabled":true,"_links":{"self":[{"href":"https:\/\/eldiariodesanpedro.com.ar\/sitio\/wp-json\/wp\/v2\/posts\/150138","targetHints":{"allow":["GET"]}}],"collection":[{"href":"https:\/\/eldiariodesanpedro.com.ar\/sitio\/wp-json\/wp\/v2\/posts"}],"about":[{"href":"https:\/\/eldiariodesanpedro.com.ar\/sitio\/wp-json\/wp\/v2\/types\/post"}],"author":[{"embeddable":true,"href":"https:\/\/eldiariodesanpedro.com.ar\/sitio\/wp-json\/wp\/v2\/users\/4"}],"replies":[{"embeddable":true,"href":"https:\/\/eldiariodesanpedro.com.ar\/sitio\/wp-json\/wp\/v2\/comments?post=150138"}],"version-history":[{"count":1,"href":"https:\/\/eldiariodesanpedro.com.ar\/sitio\/wp-json\/wp\/v2\/posts\/150138\/revisions"}],"predecessor-version":[{"id":150142,"href":"https:\/\/eldiariodesanpedro.com.ar\/sitio\/wp-json\/wp\/v2\/posts\/150138\/revisions\/150142"}],"wp:featuredmedia":[{"embeddable":true,"href":"https:\/\/eldiariodesanpedro.com.ar\/sitio\/wp-json\/wp\/v2\/media\/150139"}],"wp:attachment":[{"href":"https:\/\/eldiariodesanpedro.com.ar\/sitio\/wp-json\/wp\/v2\/media?parent=150138"}],"wp:term":[{"taxonomy":"category","embeddable":true,"href":"https:\/\/eldiariodesanpedro.com.ar\/sitio\/wp-json\/wp\/v2\/categories?post=150138"},{"taxonomy":"post_tag","embeddable":true,"href":"https:\/\/eldiariodesanpedro.com.ar\/sitio\/wp-json\/wp\/v2\/tags?post=150138"}],"curies":[{"name":"wp","href":"https:\/\/api.w.org\/{rel}","templated":true}]}}