{"id":150082,"date":"2026-04-22T11:25:41","date_gmt":"2026-04-22T14:25:41","guid":{"rendered":"https:\/\/eldiariodesanpedro.com.ar\/sitio\/?p=150082"},"modified":"2026-04-22T11:25:47","modified_gmt":"2026-04-22T14:25:47","slug":"allanamiento-por-robo-un-aprehendido-y-elementos-secuestrados","status":"publish","type":"post","link":"https:\/\/eldiariodesanpedro.com.ar\/sitio\/allanamiento-por-robo-un-aprehendido-y-elementos-secuestrados\/","title":{"rendered":"Allanamiento por robo: un aprehendido y elementos secuestrados"},"content":{"rendered":"<!-- VideographyWP Plugin Message: Automatic video embedding prevented by plugin options. -->\n\n<p>Como resultado de un procedimiento judicial, se logr\u00f3 esclarecer un hecho de robo ocurrido d\u00edas atr\u00e1s, con un detenido y el secuestro de objetos vinculados a la causa.<\/p>\n\n\n\n<p>Personal del <strong>GTO EPC San Pedro<\/strong>, en conjunto con la <strong>SUB DDI<\/strong>, llev\u00f3 adelante un <strong>allanamiento en una vivienda de calle Liniers al 1200<\/strong>, en el marco de una investigaci\u00f3n por un <strong>robo ocurrido el 19 de abril de 2026<\/strong>.<\/p>\n\n\n\n<p>La diligencia fue ordenada por el <strong>Juzgado de Garant\u00edas N\u00b0 2<\/strong>, a cargo del <strong>Dr. Ricardo Prati<\/strong>, perteneciente al Departamento Judicial San Nicol\u00e1s. Durante el operativo, se procedi\u00f3 al <strong>secuestro de elementos de inter\u00e9s<\/strong>, entre ellos <strong>una caja pl\u00e1stica negra y prendas de vestir utilizadas al momento del hecho<\/strong>.<\/p>\n\n\n\n<p>Asimismo, se concret\u00f3 la <strong>aprehensi\u00f3n de un masculino de 29 a\u00f1os<\/strong>, se\u00f1alado como <strong>autor penalmente responsable del robo<\/strong>. Interviene la <strong>UFI N\u00b0 7 San Pedro<\/strong>, que dispuso la correspondiente car\u00e1tula y posteriormente la <strong>libertad del imputado<\/strong>, en el marco de la causa.<\/p>\n\n\n\n<p>#Allanamiento #Robo #Policiales #SanPedro #Aprehension #DDI #Justicia #Seguridad<\/p>\n\n\n\n<div class=\"wp-block-jetpack-slideshow aligncenter\" data-effect=\"slide\" style=\"--aspect-ratio:calc(826 \/ 526)\"><div class=\"wp-block-jetpack-slideshow_container swiper\"><ul class=\"wp-block-jetpack-slideshow_swiper-wrapper swiper-wrapper\"><li class=\"wp-block-jetpack-slideshow_slide swiper-slide\"><figure><img decoding=\"async\" width=\"826\" height=\"526\" alt=\"\" class=\"wp-block-jetpack-slideshow_image wp-image-150085 lazyload\" data-id=\"150085\" data-aspect-ratio=\"826 \/ 526\" data-src=\"https:\/\/eldiariodesanpedro.com.ar\/sitio\/wp-content\/uploads\/2026\/04\/2-7.jpg\" data-srcset=\"https:\/\/eldiariodesanpedro.com.ar\/sitio\/wp-content\/uploads\/2026\/04\/2-7.jpg 826w, https:\/\/eldiariodesanpedro.com.ar\/sitio\/wp-content\/uploads\/2026\/04\/2-7-300x191.jpg 300w, https:\/\/eldiariodesanpedro.com.ar\/sitio\/wp-content\/uploads\/2026\/04\/2-7-768x489.jpg 768w\" data-sizes=\"(max-width: 826px) 100vw, 826px\" src=\"data:image\/svg+xml;base64,PHN2ZyB3aWR0aD0iMSIgaGVpZ2h0PSIxIiB4bWxucz0iaHR0cDovL3d3dy53My5vcmcvMjAwMC9zdmciPjwvc3ZnPg==\" style=\"--smush-placeholder-width: 826px; --smush-placeholder-aspect-ratio: 826\/526;\" \/><\/figure><\/li><li class=\"wp-block-jetpack-slideshow_slide swiper-slide\"><figure><img decoding=\"async\" width=\"507\" height=\"630\" alt=\"\" class=\"wp-block-jetpack-slideshow_image wp-image-150086 lazyload\" data-id=\"150086\" data-aspect-ratio=\"507 \/ 630\" data-src=\"https:\/\/eldiariodesanpedro.com.ar\/sitio\/wp-content\/uploads\/2026\/04\/3-7.jpg\" data-srcset=\"https:\/\/eldiariodesanpedro.com.ar\/sitio\/wp-content\/uploads\/2026\/04\/3-7.jpg 507w, https:\/\/eldiariodesanpedro.com.ar\/sitio\/wp-content\/uploads\/2026\/04\/3-7-241x300.jpg 241w\" data-sizes=\"(max-width: 507px) 100vw, 507px\" src=\"data:image\/svg+xml;base64,PHN2ZyB3aWR0aD0iMSIgaGVpZ2h0PSIxIiB4bWxucz0iaHR0cDovL3d3dy53My5vcmcvMjAwMC9zdmciPjwvc3ZnPg==\" style=\"--smush-placeholder-width: 507px; --smush-placeholder-aspect-ratio: 507\/630;\" \/><\/figure><\/li><li class=\"wp-block-jetpack-slideshow_slide swiper-slide\"><figure><img decoding=\"async\" width=\"341\" height=\"607\" alt=\"\" class=\"wp-block-jetpack-slideshow_image wp-image-150084 lazyload\" data-id=\"150084\" data-aspect-ratio=\"341 \/ 607\" data-src=\"https:\/\/eldiariodesanpedro.com.ar\/sitio\/wp-content\/uploads\/2026\/04\/4-5.jpg\" data-srcset=\"https:\/\/eldiariodesanpedro.com.ar\/sitio\/wp-content\/uploads\/2026\/04\/4-5.jpg 341w, https:\/\/eldiariodesanpedro.com.ar\/sitio\/wp-content\/uploads\/2026\/04\/4-5-169x300.jpg 169w\" data-sizes=\"(max-width: 341px) 100vw, 341px\" src=\"data:image\/svg+xml;base64,PHN2ZyB3aWR0aD0iMSIgaGVpZ2h0PSIxIiB4bWxucz0iaHR0cDovL3d3dy53My5vcmcvMjAwMC9zdmciPjwvc3ZnPg==\" style=\"--smush-placeholder-width: 341px; --smush-placeholder-aspect-ratio: 341\/607;\" \/><\/figure><\/li><\/ul><a class=\"wp-block-jetpack-slideshow_button-prev swiper-button-prev swiper-button-white\" role=\"button\"><\/a><a class=\"wp-block-jetpack-slideshow_button-next swiper-button-next swiper-button-white\" role=\"button\"><\/a><a aria-label=\"Pause Slideshow\" class=\"wp-block-jetpack-slideshow_button-pause\" role=\"button\"><\/a><div class=\"wp-block-jetpack-slideshow_pagination swiper-pagination swiper-pagination-white\"><\/div><\/div><\/div>\n","protected":false},"excerpt":{"rendered":"<p>Como resultado de un procedimiento judicial, se logr\u00f3 esclarecer un hecho de robo ocurrido d\u00edas atr\u00e1s, con un detenido y el secuestro de objetos vinculados a la causa. Personal del GTO EPC San Pedro, en conjunto con la SUB DDI, llev\u00f3 adelante un allanamiento en una vivienda de calle Liniers al 1200, en el marco [&hellip;]<\/p>\n","protected":false},"author":4,"featured_media":150083,"comment_status":"closed","ping_status":"closed","sticky":false,"template":"","format":"standard","meta":{"om_disable_all_campaigns":false,"_jetpack_memberships_contains_paid_content":false,"footnotes":""},"categories":[50,2,103],"tags":[5140,10263,6938,5214,8208,10266,10264,7014,10265,5861],"class_list":["post-150082","post","type-post","status-publish","format-standard","has-post-thumbnail","hentry","category-destacadas","category-locales","category-policiales-locales","tag-allanamiento-san-pedro","tag-aprehendido-29-anos","tag-gto-epc-san-pedro","tag-investigacion-policial","tag-juzgado-de-garantias-n-2","tag-ricardo-prati","tag-robo-19-de-abril-2026","tag-secuestro-de-elementos","tag-sub-ddi","tag-ufi-7-san-pedro"],"aioseo_notices":[],"gutentor_comment":0,"jetpack_featured_media_url":"https:\/\/eldiariodesanpedro.com.ar\/sitio\/wp-content\/uploads\/2026\/04\/allanamiento-2.jpg","jetpack_shortlink":"https:\/\/wp.me\/p6RhLt-D2G","jetpack_sharing_enabled":true,"_links":{"self":[{"href":"https:\/\/eldiariodesanpedro.com.ar\/sitio\/wp-json\/wp\/v2\/posts\/150082","targetHints":{"allow":["GET"]}}],"collection":[{"href":"https:\/\/eldiariodesanpedro.com.ar\/sitio\/wp-json\/wp\/v2\/posts"}],"about":[{"href":"https:\/\/eldiariodesanpedro.com.ar\/sitio\/wp-json\/wp\/v2\/types\/post"}],"author":[{"embeddable":true,"href":"https:\/\/eldiariodesanpedro.com.ar\/sitio\/wp-json\/wp\/v2\/users\/4"}],"replies":[{"embeddable":true,"href":"https:\/\/eldiariodesanpedro.com.ar\/sitio\/wp-json\/wp\/v2\/comments?post=150082"}],"version-history":[{"count":1,"href":"https:\/\/eldiariodesanpedro.com.ar\/sitio\/wp-json\/wp\/v2\/posts\/150082\/revisions"}],"predecessor-version":[{"id":150087,"href":"https:\/\/eldiariodesanpedro.com.ar\/sitio\/wp-json\/wp\/v2\/posts\/150082\/revisions\/150087"}],"wp:featuredmedia":[{"embeddable":true,"href":"https:\/\/eldiariodesanpedro.com.ar\/sitio\/wp-json\/wp\/v2\/media\/150083"}],"wp:attachment":[{"href":"https:\/\/eldiariodesanpedro.com.ar\/sitio\/wp-json\/wp\/v2\/media?parent=150082"}],"wp:term":[{"taxonomy":"category","embeddable":true,"href":"https:\/\/eldiariodesanpedro.com.ar\/sitio\/wp-json\/wp\/v2\/categories?post=150082"},{"taxonomy":"post_tag","embeddable":true,"href":"https:\/\/eldiariodesanpedro.com.ar\/sitio\/wp-json\/wp\/v2\/tags?post=150082"}],"curies":[{"name":"wp","href":"https:\/\/api.w.org\/{rel}","templated":true}]}}