{"id":150078,"date":"2026-04-22T11:08:15","date_gmt":"2026-04-22T14:08:15","guid":{"rendered":"https:\/\/eldiariodesanpedro.com.ar\/sitio\/?p=150078"},"modified":"2026-04-22T11:08:19","modified_gmt":"2026-04-22T14:08:19","slug":"aprehenden-a-un-hombre-por-disturbios-en-la-via-publica","status":"publish","type":"post","link":"https:\/\/eldiariodesanpedro.com.ar\/sitio\/aprehenden-a-un-hombre-por-disturbios-en-la-via-publica\/","title":{"rendered":"Aprehenden a un hombre por disturbios en la v\u00eda p\u00fablica"},"content":{"rendered":"<!-- VideographyWP Plugin Message: Automatic video embedding prevented by plugin options. -->\n\n<p>Un hombre de 32 a\u00f1os fue aprehendido tras provocar disturbios en la v\u00eda p\u00fablica mientras se encontraba en estado de ebriedad.<\/p>\n\n\n\n<p>Personal de la <strong>EPC<\/strong> intervino en la intersecci\u00f3n de <strong>Ansaloni y Casella<\/strong>, donde procedi\u00f3 a la aprehensi\u00f3n de un <strong>ciudadano de 32 a\u00f1os<\/strong> que se encontraba <strong>en estado de ebriedad generando disturbios<\/strong> en la v\u00eda p\u00fablica.<\/p>\n\n\n\n<p>El hecho fue encuadrado como <strong>infracci\u00f3n a la Ley 8031\/73, art\u00edculos 72 y 74<\/strong>, y tom\u00f3 intervenci\u00f3n el <strong>Juzgado de Paz de San Pedro<\/strong>, que dispuso la <strong>formaci\u00f3n de la causa contravencional y la posterior libertad del aprehendido<\/strong>.<\/p>\n\n\n\n<p>#Policiales #Aprehension #Disturbios #Ley8031 #SanPedro #Seguridad<\/p>\n\n\n<div class=\"wp-block-image\">\n<figure class=\"aligncenter size-full\"><img decoding=\"async\" width=\"538\" height=\"630\" data-attachment-id=\"150080\" data-permalink=\"https:\/\/eldiariodesanpedro.com.ar\/sitio\/aprehenden-a-un-hombre-por-disturbios-en-la-via-publica\/1-407\/\" data-orig-file=\"https:\/\/eldiariodesanpedro.com.ar\/sitio\/wp-content\/uploads\/2026\/04\/1-7.jpg\" data-orig-size=\"538,630\" data-comments-opened=\"0\" data-image-meta=\"{&quot;aperture&quot;:&quot;0&quot;,&quot;credit&quot;:&quot;&quot;,&quot;camera&quot;:&quot;&quot;,&quot;caption&quot;:&quot;&quot;,&quot;created_timestamp&quot;:&quot;0&quot;,&quot;copyright&quot;:&quot;&quot;,&quot;focal_length&quot;:&quot;0&quot;,&quot;iso&quot;:&quot;0&quot;,&quot;shutter_speed&quot;:&quot;0&quot;,&quot;title&quot;:&quot;&quot;,&quot;orientation&quot;:&quot;0&quot;}\" data-image-title=\"1\" data-image-description=\"\" data-image-caption=\"\" data-large-file=\"https:\/\/eldiariodesanpedro.com.ar\/sitio\/wp-content\/uploads\/2026\/04\/1-7.jpg\" data-src=\"https:\/\/eldiariodesanpedro.com.ar\/sitio\/wp-content\/uploads\/2026\/04\/1-7.jpg\" alt=\"\" class=\"wp-image-150080 lazyload\" data-srcset=\"https:\/\/eldiariodesanpedro.com.ar\/sitio\/wp-content\/uploads\/2026\/04\/1-7.jpg 538w, https:\/\/eldiariodesanpedro.com.ar\/sitio\/wp-content\/uploads\/2026\/04\/1-7-256x300.jpg 256w\" data-sizes=\"(max-width: 538px) 100vw, 538px\" src=\"data:image\/svg+xml;base64,PHN2ZyB3aWR0aD0iMSIgaGVpZ2h0PSIxIiB4bWxucz0iaHR0cDovL3d3dy53My5vcmcvMjAwMC9zdmciPjwvc3ZnPg==\" style=\"--smush-placeholder-width: 538px; --smush-placeholder-aspect-ratio: 538\/630;\" \/><\/figure>\n<\/div>","protected":false},"excerpt":{"rendered":"<p>Un hombre de 32 a\u00f1os fue aprehendido tras provocar disturbios en la v\u00eda p\u00fablica mientras se encontraba en estado de ebriedad. Personal de la EPC intervino en la intersecci\u00f3n de Ansaloni y Casella, donde procedi\u00f3 a la aprehensi\u00f3n de un ciudadano de 32 a\u00f1os que se encontraba en estado de ebriedad generando disturbios en la [&hellip;]<\/p>\n","protected":false},"author":4,"featured_media":150079,"comment_status":"closed","ping_status":"closed","sticky":false,"template":"","format":"standard","meta":{"om_disable_all_campaigns":false,"_jetpack_memberships_contains_paid_content":false,"footnotes":""},"categories":[2],"tags":[],"class_list":["post-150078","post","type-post","status-publish","format-standard","has-post-thumbnail","hentry","category-locales"],"aioseo_notices":[],"gutentor_comment":0,"jetpack_featured_media_url":"https:\/\/eldiariodesanpedro.com.ar\/sitio\/wp-content\/uploads\/2026\/04\/medida-5.jpg","jetpack_shortlink":"https:\/\/wp.me\/p6RhLt-D2C","jetpack_sharing_enabled":true,"_links":{"self":[{"href":"https:\/\/eldiariodesanpedro.com.ar\/sitio\/wp-json\/wp\/v2\/posts\/150078","targetHints":{"allow":["GET"]}}],"collection":[{"href":"https:\/\/eldiariodesanpedro.com.ar\/sitio\/wp-json\/wp\/v2\/posts"}],"about":[{"href":"https:\/\/eldiariodesanpedro.com.ar\/sitio\/wp-json\/wp\/v2\/types\/post"}],"author":[{"embeddable":true,"href":"https:\/\/eldiariodesanpedro.com.ar\/sitio\/wp-json\/wp\/v2\/users\/4"}],"replies":[{"embeddable":true,"href":"https:\/\/eldiariodesanpedro.com.ar\/sitio\/wp-json\/wp\/v2\/comments?post=150078"}],"version-history":[{"count":1,"href":"https:\/\/eldiariodesanpedro.com.ar\/sitio\/wp-json\/wp\/v2\/posts\/150078\/revisions"}],"predecessor-version":[{"id":150081,"href":"https:\/\/eldiariodesanpedro.com.ar\/sitio\/wp-json\/wp\/v2\/posts\/150078\/revisions\/150081"}],"wp:featuredmedia":[{"embeddable":true,"href":"https:\/\/eldiariodesanpedro.com.ar\/sitio\/wp-json\/wp\/v2\/media\/150079"}],"wp:attachment":[{"href":"https:\/\/eldiariodesanpedro.com.ar\/sitio\/wp-json\/wp\/v2\/media?parent=150078"}],"wp:term":[{"taxonomy":"category","embeddable":true,"href":"https:\/\/eldiariodesanpedro.com.ar\/sitio\/wp-json\/wp\/v2\/categories?post=150078"},{"taxonomy":"post_tag","embeddable":true,"href":"https:\/\/eldiariodesanpedro.com.ar\/sitio\/wp-json\/wp\/v2\/tags?post=150078"}],"curies":[{"name":"wp","href":"https:\/\/api.w.org\/{rel}","templated":true}]}}