{"id":15006,"date":"2017-02-19T19:39:23","date_gmt":"2017-02-19T22:39:23","guid":{"rendered":"https:\/\/eldiariodesanpedro.com.ar\/sitio\/?p=15006"},"modified":"2026-01-23T23:14:33","modified_gmt":"2026-01-24T02:14:33","slug":"se-cayo-la-cumbre-justicialista-de-santa-teresita","status":"publish","type":"post","link":"https:\/\/eldiariodesanpedro.com.ar\/sitio\/se-cayo-la-cumbre-justicialista-de-santa-teresita\/","title":{"rendered":"Se cay\u00f3 la cumbre justicialista de Santa Teresita"},"content":{"rendered":"<p><!-- VideographyWP Plugin Message: Automatic video embedding prevented by plugin options. --><br \/>\nAnte la ausencia de los intendentes del Grupo Esmeralda, el malestar de diversos sectores por la posible candidatura de Cristina Fern\u00e1ndez y \u201cel nuevo avance de La C\u00e1mpora\u201d, el PJ bonaerense tuvo que suspender el encuentro programado.<\/p>\n<p>El encuentro en el que el PJ bonaerense iba a intentar demostrar la unidad de los diversos sectores tuvo que ser suspendido. Desde la organizaci\u00f3n alegan que se debe a razones clim\u00e1ticas, aunque se entiende que es a causa del malestar producido por los rumores de la posible candidatura de Cristina y \u201cel nuevo avance de La C\u00e1mpora\u201d, ante el pedido del diputado M\u00e1ximo Kirchner de solidarizarse con la ex presidenta ante su presentaci\u00f3n el pr\u00f3ximo 7 de marzo en las tribunales de Comodoro Py.<\/p>\n<p>El c\u00f3nclave justicialista en el que se iba a hablar de las legislativas venideras y se iba a hacer un an\u00e1lisis del primer a\u00f1o de gesti\u00f3n de Mauricio Macri y Mar\u00eda Eugenia Vidal, estaba previsto que se realizara en el Polideportivo Las Quintas (calle 45 y 13) en Santa Teresita.<\/p>\n<p>Pero las internas del peronismo comenzaron nuevamente a ser las protagonistas, y bajo ese escenario, fueron los intendentes del Grupo Esmeralda los que comenzaron a bajarse de la cumbre de Santa Teresita, cuesti\u00f3n que fue secundada por varios legisladores e intendentes del Interior.<\/p>\n<p>Ernesto Martinchuk<\/p>\n<p>Periodista Parlamentario<\/p>\n","protected":false},"excerpt":{"rendered":"<p>Ante la ausencia de los intendentes del Grupo Esmeralda, el malestar de diversos sectores por la posible candidatura de Cristina Fern\u00e1ndez y \u201cel nuevo avance de La C\u00e1mpora\u201d, el PJ bonaerense tuvo que suspender el encuentro programado. El encuentro en el que el PJ bonaerense iba a intentar demostrar la unidad de los diversos sectores [&hellip;]<\/p>\n","protected":false},"author":4,"featured_media":15008,"comment_status":"open","ping_status":"closed","sticky":false,"template":"","format":"standard","meta":{"om_disable_all_campaigns":false,"_jetpack_memberships_contains_paid_content":false,"footnotes":""},"categories":[3],"tags":[],"class_list":["post-15006","post","type-post","status-publish","format-standard","has-post-thumbnail","hentry","category-nacionales"],"aioseo_notices":[],"gutentor_comment":0,"jetpack_featured_media_url":"https:\/\/eldiariodesanpedro.com.ar\/sitio\/wp-content\/uploads\/2017\/02\/not_873266_17_230332.jpg","jetpack_shortlink":"https:\/\/wp.me\/p6RhLt-3U2","jetpack_sharing_enabled":true,"_links":{"self":[{"href":"https:\/\/eldiariodesanpedro.com.ar\/sitio\/wp-json\/wp\/v2\/posts\/15006","targetHints":{"allow":["GET"]}}],"collection":[{"href":"https:\/\/eldiariodesanpedro.com.ar\/sitio\/wp-json\/wp\/v2\/posts"}],"about":[{"href":"https:\/\/eldiariodesanpedro.com.ar\/sitio\/wp-json\/wp\/v2\/types\/post"}],"author":[{"embeddable":true,"href":"https:\/\/eldiariodesanpedro.com.ar\/sitio\/wp-json\/wp\/v2\/users\/4"}],"replies":[{"embeddable":true,"href":"https:\/\/eldiariodesanpedro.com.ar\/sitio\/wp-json\/wp\/v2\/comments?post=15006"}],"version-history":[{"count":1,"href":"https:\/\/eldiariodesanpedro.com.ar\/sitio\/wp-json\/wp\/v2\/posts\/15006\/revisions"}],"predecessor-version":[{"id":15009,"href":"https:\/\/eldiariodesanpedro.com.ar\/sitio\/wp-json\/wp\/v2\/posts\/15006\/revisions\/15009"}],"wp:featuredmedia":[{"embeddable":true,"href":"https:\/\/eldiariodesanpedro.com.ar\/sitio\/wp-json\/wp\/v2\/media\/15008"}],"wp:attachment":[{"href":"https:\/\/eldiariodesanpedro.com.ar\/sitio\/wp-json\/wp\/v2\/media?parent=15006"}],"wp:term":[{"taxonomy":"category","embeddable":true,"href":"https:\/\/eldiariodesanpedro.com.ar\/sitio\/wp-json\/wp\/v2\/categories?post=15006"},{"taxonomy":"post_tag","embeddable":true,"href":"https:\/\/eldiariodesanpedro.com.ar\/sitio\/wp-json\/wp\/v2\/tags?post=15006"}],"curies":[{"name":"wp","href":"https:\/\/api.w.org\/{rel}","templated":true}]}}