{"id":15003,"date":"2017-02-19T19:33:08","date_gmt":"2017-02-19T22:33:08","guid":{"rendered":"https:\/\/eldiariodesanpedro.com.ar\/sitio\/?p=15003"},"modified":"2017-02-19T19:33:08","modified_gmt":"2017-02-19T22:33:08","slug":"soledad-pastorutti-paso-por-baradero-y-brindo-un-gran-show","status":"publish","type":"post","link":"https:\/\/eldiariodesanpedro.com.ar\/sitio\/soledad-pastorutti-paso-por-baradero-y-brindo-un-gran-show\/","title":{"rendered":"Soledad Pastorutti paso por Baradero y brindo un gran show"},"content":{"rendered":"<p><!-- VideographyWP Plugin Message: Automatic video embedding prevented by plugin options. --><br \/>\nDespu\u00e9s del mal tiempo que se vivi\u00f3 el d\u00eda viernes en toda la zona continuo este s\u00e1bado el 43\u00ba Festival de la Musica Popular Nacional de Baradero 2017 con su tercera jornada donde miles de personas se dieron sita nuevamente en el Anfiteatro Municipal Pedro Carossi. <\/p>\n<p>En esta ocasi\u00f3n se presento una abultada grilla de artistas que comenzaron a subir al escenario desde las 21:00 hs, inaugurado nuevamente con el ballet Sixto palavecino de la vecina localidad y fuegos artificiales, luego lleg\u00f3 la actuaci\u00f3n de los ganadores del Pre Baradero, Sebasti\u00e1n Iturre y Luciano Guzm\u00e1n.<\/p>\n<p>Los baraderenses, Daiana Paniagua, Jonathan Reynoso y Mizares, cada uno de ellos con su estilo fueron muy bien recibidos por el p\u00fablico, el tango, como siempre muy esperado, tuvo como protagonistas a Abel C\u00f3rdoba y Alberto Rolan con \u201cTango a la Carta\u201d, quienes fueron aplaudidos de pie.<\/p>\n<p>Continuaron ya con grupos de mayor talla como Los del Portezuelo, los Cayetanos, Los Pampas y Canto del Alma quienes deslumbraron nuevamente al publico presente como ya en a\u00f1os anteriores lo hab\u00edan hecho.<\/p>\n<p>Ligia Piro, con su voz dulce y un repertorio variado, fue uno de los momentos distintos que present\u00f3 la noche, ya acerc\u00e1ndose a los n\u00fameros principales de la noche subi\u00f3 al escenario el violinista Ivo Rodr\u00edguez, ese joven talentoso y carism\u00e1tico que fue revelaci\u00f3n hace unos a\u00f1os, quien ademas baj\u00f3 a la platea y toc\u00f3 entre la gente.<\/p>\n<p>Faltando muy poco para el cierre el duo tucumano La Yunta, formado por Juli\u00e1n Humaran y Gustavo P\u00e1ez, con m\u00e1s de 15 a\u00f1os de trayectoria, desplegaron sobre el escenario toda su experiencia y talento.<\/p>\n<p>El humor, lleg\u00f3 con Beto Moya como telonero del numero central, pero el marplatense aprovech\u00f3 su escaso tiempo divirtiendo al ansioso p\u00fablico.<\/p>\n<p>Pasadas las 03:00 hs del domingo llego el momento del show mas esperado de la noche Soledad Pastorrutti, quien se reencontr\u00f3 con este festival luego de mucho tiempo, como siempre lo hizo acompa\u00f1ada de su hermana. La cantante de Arequito quien se encuentra celebrando sus 20 a\u00f1os desde que se consagro en Cosquin como artista revelaci\u00f3n y desde el cual fue el puntapi\u00e9 inicial para una camada de grandes artistas de la m\u00fasica folcl\u00f3rica y siendo el comienzo del acercamiento de este estilo musical con los j\u00f3venes, su show de una hora y media finalizo con una gran fiesta de papelitos y espuma con todo el publico de pie ovacionando a esta gran artista.<\/p>\n<p>Este domingo con la presentaci\u00f3n de Abel  Pintos, que ya agot\u00f3 las plateas y vendi\u00f3 m\u00e1s de 4000 populares anticipadas, ser\u00e1 el cierre de la 43\u00ba Edici\u00f3n del Festival, ademas de la presencia del duo Los Campedrinos quienes se presentaran tambi\u00e9n en esta ultima noche. Y se advierte a los espectador que por \u00fanica vez y por una cuesti\u00f3n de seguridad en esta ultima noche no se podr\u00e1 acceder con sillones o reposeras ya que se espera la noche con mayor cantidad de publico.<\/p>\n<p><iframe data-src=\"\/\/embedsocial.com\/facebook_album\/album_photos\/578257099050100\" width=\"900\" height=\"1500\" frameborder=\"0\" scrolling=\"no\" marginheight=\"0\" marginwidth=\"0\" src=\"data:image\/svg+xml;base64,PHN2ZyB3aWR0aD0iMSIgaGVpZ2h0PSIxIiB4bWxucz0iaHR0cDovL3d3dy53My5vcmcvMjAwMC9zdmciPjwvc3ZnPg==\" class=\"lazyload\" data-load-mode=\"1\"><\/iframe><\/p>\n","protected":false},"excerpt":{"rendered":"<p>Despu\u00e9s del mal tiempo que se vivi\u00f3 el d\u00eda viernes en toda la zona continuo este s\u00e1bado el 43\u00ba Festival de la Musica Popular Nacional de Baradero 2017 con su tercera jornada donde miles de personas se dieron sita nuevamente en el Anfiteatro Municipal Pedro Carossi. En esta ocasi\u00f3n se presento una abultada grilla de [&hellip;]<\/p>\n","protected":false},"author":4,"featured_media":15004,"comment_status":"open","ping_status":"closed","sticky":false,"template":"","format":"standard","meta":{"om_disable_all_campaigns":false,"_jetpack_memberships_contains_paid_content":false,"footnotes":""},"categories":[50,101,2,621],"tags":[],"class_list":["post-15003","post","type-post","status-publish","format-standard","has-post-thumbnail","hentry","category-destacadas","category-interes-general-locales","category-locales","category-regionales"],"aioseo_notices":[],"gutentor_comment":0,"jetpack_featured_media_url":"https:\/\/eldiariodesanpedro.com.ar\/sitio\/wp-content\/uploads\/2017\/02\/DSC_0714-e1487543399693.jpg","jetpack_shortlink":"https:\/\/wp.me\/p6RhLt-3TZ","jetpack_sharing_enabled":true,"_links":{"self":[{"href":"https:\/\/eldiariodesanpedro.com.ar\/sitio\/wp-json\/wp\/v2\/posts\/15003","targetHints":{"allow":["GET"]}}],"collection":[{"href":"https:\/\/eldiariodesanpedro.com.ar\/sitio\/wp-json\/wp\/v2\/posts"}],"about":[{"href":"https:\/\/eldiariodesanpedro.com.ar\/sitio\/wp-json\/wp\/v2\/types\/post"}],"author":[{"embeddable":true,"href":"https:\/\/eldiariodesanpedro.com.ar\/sitio\/wp-json\/wp\/v2\/users\/4"}],"replies":[{"embeddable":true,"href":"https:\/\/eldiariodesanpedro.com.ar\/sitio\/wp-json\/wp\/v2\/comments?post=15003"}],"version-history":[{"count":1,"href":"https:\/\/eldiariodesanpedro.com.ar\/sitio\/wp-json\/wp\/v2\/posts\/15003\/revisions"}],"predecessor-version":[{"id":15005,"href":"https:\/\/eldiariodesanpedro.com.ar\/sitio\/wp-json\/wp\/v2\/posts\/15003\/revisions\/15005"}],"wp:featuredmedia":[{"embeddable":true,"href":"https:\/\/eldiariodesanpedro.com.ar\/sitio\/wp-json\/wp\/v2\/media\/15004"}],"wp:attachment":[{"href":"https:\/\/eldiariodesanpedro.com.ar\/sitio\/wp-json\/wp\/v2\/media?parent=15003"}],"wp:term":[{"taxonomy":"category","embeddable":true,"href":"https:\/\/eldiariodesanpedro.com.ar\/sitio\/wp-json\/wp\/v2\/categories?post=15003"},{"taxonomy":"post_tag","embeddable":true,"href":"https:\/\/eldiariodesanpedro.com.ar\/sitio\/wp-json\/wp\/v2\/tags?post=15003"}],"curies":[{"name":"wp","href":"https:\/\/api.w.org\/{rel}","templated":true}]}}