{"id":15000,"date":"2017-02-19T19:04:07","date_gmt":"2017-02-19T22:04:07","guid":{"rendered":"https:\/\/eldiariodesanpedro.com.ar\/sitio\/?p=15000"},"modified":"2017-02-19T19:04:07","modified_gmt":"2017-02-19T22:04:07","slug":"el-municipio-realiza-mejorado-asfalticos-en-calles-aledanas-a-establecimientos-educativos","status":"publish","type":"post","link":"https:\/\/eldiariodesanpedro.com.ar\/sitio\/el-municipio-realiza-mejorado-asfalticos-en-calles-aledanas-a-establecimientos-educativos\/","title":{"rendered":"El Municipio realiza mejorado asf\u00e1lticos en calles aleda\u00f1as a establecimientos educativos"},"content":{"rendered":"<p><!-- VideographyWP Plugin Message: Automatic video embedding prevented by plugin options. --><br \/>\nSe trata de obras que han sido planificadas en los lugares donde hay jardines de infantes y escuelas que tienen calle de tierra o que el pavimentos est\u00e9 muy da\u00f1ado.<\/p>\n<p>\u201cHemos tenido una reuni\u00f3n con la gente de Consejo Escolar y con el Intendente d\u00f3nde decidimos hacerle en todas las escuelas que tienen calle tierra el mejorado asf\u00e1ltico\u201d, dijo Ariel \u00c1lvarez, Secretario de Servicios P\u00fablicos.<\/p>\n<p>Sobre el trabajo, manifest\u00f3: \u201cConsiste en el cuneteo, la limpieza de tubos, se empareja el camino y si hace falta se entosca. Luego se pone el material de rap y despu\u00e9s riego que hace la emulsi\u00f3n\u201d.<\/p>\n<p>Adem\u00e1s de la Escuela 4, \u201clos mismo se est\u00e1 haciendo en el barrio ATEPAM y en el Jard\u00edn Calcuta\u201d. \u201cTambi\u00e9n d\u00f3nde est\u00e1 la placita Mart\u00edn Fierro en ese barrio ya se han hecho varias cuadras\u201d, explic\u00f3 el funcionario.<\/p>\n<p>Al tiempo que se\u00f1al\u00f3: \u201cTuve una reuni\u00f3n en Escuela 27, tambi\u00e9n en esa cuadra se va hacer el mejorado\u201d.<\/p>\n","protected":false},"excerpt":{"rendered":"<p>Se trata de obras que han sido planificadas en los lugares donde hay jardines de infantes y escuelas que tienen calle de tierra o que el pavimentos est\u00e9 muy da\u00f1ado. \u201cHemos tenido una reuni\u00f3n con la gente de Consejo Escolar y con el Intendente d\u00f3nde decidimos hacerle en todas las escuelas que tienen calle tierra [&hellip;]<\/p>\n","protected":false},"author":4,"featured_media":15001,"comment_status":"open","ping_status":"closed","sticky":false,"template":"","format":"standard","meta":{"om_disable_all_campaigns":false,"_jetpack_memberships_contains_paid_content":false,"footnotes":""},"categories":[101,2],"tags":[],"class_list":["post-15000","post","type-post","status-publish","format-standard","has-post-thumbnail","hentry","category-interes-general-locales","category-locales"],"aioseo_notices":[],"gutentor_comment":0,"jetpack_featured_media_url":"https:\/\/eldiariodesanpedro.com.ar\/sitio\/wp-content\/uploads\/2017\/02\/mejorado-800x445.jpg","jetpack_shortlink":"https:\/\/wp.me\/p6RhLt-3TW","jetpack_sharing_enabled":true,"_links":{"self":[{"href":"https:\/\/eldiariodesanpedro.com.ar\/sitio\/wp-json\/wp\/v2\/posts\/15000","targetHints":{"allow":["GET"]}}],"collection":[{"href":"https:\/\/eldiariodesanpedro.com.ar\/sitio\/wp-json\/wp\/v2\/posts"}],"about":[{"href":"https:\/\/eldiariodesanpedro.com.ar\/sitio\/wp-json\/wp\/v2\/types\/post"}],"author":[{"embeddable":true,"href":"https:\/\/eldiariodesanpedro.com.ar\/sitio\/wp-json\/wp\/v2\/users\/4"}],"replies":[{"embeddable":true,"href":"https:\/\/eldiariodesanpedro.com.ar\/sitio\/wp-json\/wp\/v2\/comments?post=15000"}],"version-history":[{"count":1,"href":"https:\/\/eldiariodesanpedro.com.ar\/sitio\/wp-json\/wp\/v2\/posts\/15000\/revisions"}],"predecessor-version":[{"id":15002,"href":"https:\/\/eldiariodesanpedro.com.ar\/sitio\/wp-json\/wp\/v2\/posts\/15000\/revisions\/15002"}],"wp:featuredmedia":[{"embeddable":true,"href":"https:\/\/eldiariodesanpedro.com.ar\/sitio\/wp-json\/wp\/v2\/media\/15001"}],"wp:attachment":[{"href":"https:\/\/eldiariodesanpedro.com.ar\/sitio\/wp-json\/wp\/v2\/media?parent=15000"}],"wp:term":[{"taxonomy":"category","embeddable":true,"href":"https:\/\/eldiariodesanpedro.com.ar\/sitio\/wp-json\/wp\/v2\/categories?post=15000"},{"taxonomy":"post_tag","embeddable":true,"href":"https:\/\/eldiariodesanpedro.com.ar\/sitio\/wp-json\/wp\/v2\/tags?post=15000"}],"curies":[{"name":"wp","href":"https:\/\/api.w.org\/{rel}","templated":true}]}}