{"id":14997,"date":"2017-02-19T19:01:19","date_gmt":"2017-02-19T22:01:19","guid":{"rendered":"https:\/\/eldiariodesanpedro.com.ar\/sitio\/?p=14997"},"modified":"2017-02-19T19:01:19","modified_gmt":"2017-02-19T22:01:19","slug":"salazar-encabezo-el-acto-de-reinauguraron-de-la-sede-del-partido-fe","status":"publish","type":"post","link":"https:\/\/eldiariodesanpedro.com.ar\/sitio\/salazar-encabezo-el-acto-de-reinauguraron-de-la-sede-del-partido-fe\/","title":{"rendered":"Salazar encabez\u00f3 el acto de reinauguraron de la sede del partido FE"},"content":{"rendered":"<p><!-- VideographyWP Plugin Message: Automatic video embedding prevented by plugin options. --><br \/>\nFunciona en el Centro Cosmopolita de M. Porta y Ayacucho. Estuvieron presentes el Presidente de la UCR Mart\u00edn Pando, el Jefe de la UDAI de ANSES San Pedro Sergio Rosa, tambi\u00e9n otros referentes de Cambiemos y del Partido Fe. En junio de 2016 sufri\u00f3 un incendio intencional y en lo \u00faltimos tiempos, militantes lo reacondicionaron para su puesta en marcha nuevamente.<\/p>\n<p>Fernando Negrete, presidente de la juventud partidaria, expres\u00f3: \u201cA nosotros nos marc\u00f3 mucho el d\u00eda que incendiaron este local porque es nuestro espacio donde nos reunimos para concretar muchas actividades y nos organiz\u00e1bamos para salir a hacer militancia\u201d.<\/p>\n<p>Por su parte, quien lleg\u00f3 a acompa\u00f1ar el acto, Sa\u00fal Ubaldin (presidente de la Juventud del Partido Fe a nivel nacional\u201d, sostuvo: \u201cPara nosotros el local es siempre la Unidad B\u00e1sica, los que venimos del peronismo. Mantener la misma instalaci\u00f3n, con la misma caracter\u00edstica, con la misma humildad\u201d y \u201cponganse a pensar que hubiese hecho el kirchnerismo si gobernara, ya deber\u00edan tener diez unidades b\u00e1sicas, con toda la superestructura, mostrando m\u00e1s para el afuera de lo que realmente se tiene\u201d.<\/p>\n<p>En tanto que el Intendente Salazar, presidente a nivel local del Partido Fe, realiz\u00f3 un repaso de las acciones en su primer a\u00f1o de gobierno. Adem\u00e1s se refiri\u00f3 a la continuidad de las obras en los ingresos. \u201cRecuerden las rutas como estaban y para aquellos agoreros que dijeron: Y ya se fueron las m\u00e1quinas; las rutas las va a terminar como corresponde\u201d, sostuvo el mandatario. Y en ese sentido agreg\u00f3: \u201cAyer estuve hablando con el Director Nacional de Vialidad Javier Iguacel que ya firm\u00f3 la ampliaci\u00f3n de obra y que en estos d\u00edas comienzan los trabajos para terminar la Ruta 1001 y con la 191\u201d.<\/p>\n<p>\u201cTambi\u00e9n hablamos con el Ministro de Infraestructura, Roberto Gigante, que baj\u00f3 la instrucci\u00f3n al Jefe de Zona de Vialidad Provincial, Gast\u00f3n Deza, para que vaya planeando la repavimentaci\u00f3n d el as Ruta 191 (Desde el punte de la Ruta 9 hasta Arrecifes con la inclusi\u00f3n del ingreso a Santa Luc\u00eda\u201d, agreg\u00f3.<\/p>\n<p>En materia de educaci\u00f3n, sostuvo que es el objetivo de la gesti\u00f3n que las escuelas secundarias cuenten con edificio propio a partir de 2018.<br \/>\nAl tiempo que se refiri\u00f3 a la extensi\u00f3n de GAS a Santa Luc\u00eda y R\u00edo Tala: \u201cTambi\u00e9n nos han dicho que est\u00e1 muy avanzado y adjudicada la empresa que va a terminar el gas para Santa Luc\u00eda y estamos tratando de arreglar tambi\u00e9n con el due\u00f1o de un campo en la zona de R\u00edo Tala para que trabaje en ese lugar la empresa BGSA para que los vecinos de la localidad se beneficien del gas domiciliario\u201d .<\/p>\n","protected":false},"excerpt":{"rendered":"<p>Funciona en el Centro Cosmopolita de M. Porta y Ayacucho. Estuvieron presentes el Presidente de la UCR Mart\u00edn Pando, el Jefe de la UDAI de ANSES San Pedro Sergio Rosa, tambi\u00e9n otros referentes de Cambiemos y del Partido Fe. En junio de 2016 sufri\u00f3 un incendio intencional y en lo \u00faltimos tiempos, militantes lo reacondicionaron [&hellip;]<\/p>\n","protected":false},"author":4,"featured_media":14998,"comment_status":"open","ping_status":"closed","sticky":false,"template":"","format":"standard","meta":{"om_disable_all_campaigns":false,"_jetpack_memberships_contains_paid_content":false,"footnotes":""},"categories":[50,2,102],"tags":[],"class_list":["post-14997","post","type-post","status-publish","format-standard","has-post-thumbnail","hentry","category-destacadas","category-locales","category-politica-locales"],"aioseo_notices":[],"gutentor_comment":0,"jetpack_featured_media_url":"https:\/\/eldiariodesanpedro.com.ar\/sitio\/wp-content\/uploads\/2017\/02\/PAGINA-5.jpg","jetpack_shortlink":"https:\/\/wp.me\/p6RhLt-3TT","jetpack_sharing_enabled":true,"_links":{"self":[{"href":"https:\/\/eldiariodesanpedro.com.ar\/sitio\/wp-json\/wp\/v2\/posts\/14997","targetHints":{"allow":["GET"]}}],"collection":[{"href":"https:\/\/eldiariodesanpedro.com.ar\/sitio\/wp-json\/wp\/v2\/posts"}],"about":[{"href":"https:\/\/eldiariodesanpedro.com.ar\/sitio\/wp-json\/wp\/v2\/types\/post"}],"author":[{"embeddable":true,"href":"https:\/\/eldiariodesanpedro.com.ar\/sitio\/wp-json\/wp\/v2\/users\/4"}],"replies":[{"embeddable":true,"href":"https:\/\/eldiariodesanpedro.com.ar\/sitio\/wp-json\/wp\/v2\/comments?post=14997"}],"version-history":[{"count":1,"href":"https:\/\/eldiariodesanpedro.com.ar\/sitio\/wp-json\/wp\/v2\/posts\/14997\/revisions"}],"predecessor-version":[{"id":14999,"href":"https:\/\/eldiariodesanpedro.com.ar\/sitio\/wp-json\/wp\/v2\/posts\/14997\/revisions\/14999"}],"wp:featuredmedia":[{"embeddable":true,"href":"https:\/\/eldiariodesanpedro.com.ar\/sitio\/wp-json\/wp\/v2\/media\/14998"}],"wp:attachment":[{"href":"https:\/\/eldiariodesanpedro.com.ar\/sitio\/wp-json\/wp\/v2\/media?parent=14997"}],"wp:term":[{"taxonomy":"category","embeddable":true,"href":"https:\/\/eldiariodesanpedro.com.ar\/sitio\/wp-json\/wp\/v2\/categories?post=14997"},{"taxonomy":"post_tag","embeddable":true,"href":"https:\/\/eldiariodesanpedro.com.ar\/sitio\/wp-json\/wp\/v2\/tags?post=14997"}],"curies":[{"name":"wp","href":"https:\/\/api.w.org\/{rel}","templated":true}]}}