{"id":149969,"date":"2026-04-20T13:39:44","date_gmt":"2026-04-20T16:39:44","guid":{"rendered":"https:\/\/eldiariodesanpedro.com.ar\/sitio\/?p=149969"},"modified":"2026-04-20T13:39:54","modified_gmt":"2026-04-20T16:39:54","slug":"diplomaturas-en-gestion-y-liderazgo-para-equipos-directivos-y-docentes-municipales","status":"publish","type":"post","link":"https:\/\/eldiariodesanpedro.com.ar\/sitio\/diplomaturas-en-gestion-y-liderazgo-para-equipos-directivos-y-docentes-municipales\/","title":{"rendered":"Diplomaturas en gesti\u00f3n y liderazgo para equipos directivos y docentes municipales"},"content":{"rendered":"<!-- VideographyWP Plugin Message: Automatic video embedding prevented by plugin options. -->\n\n<p><strong>La propuesta fue presentada en una reuni\u00f3n con autoridades educativas y apunta a fortalecer la formaci\u00f3n de directivos y docentes de instituciones municipales.<\/strong><\/p>\n\n\n\n<p>La <strong>Direcci\u00f3n de Educaci\u00f3n y Capacitaci\u00f3n<\/strong>, dependiente de la <strong>Secretar\u00eda de Desarrollo de la Comunidad<\/strong>, realiz\u00f3 una reuni\u00f3n en la <strong>Casona de Mitre y Liniers<\/strong> junto a directivos de las instituciones educativas que funcionan bajo la \u00f3rbita del Municipio.<\/p>\n\n\n\n<p>Durante el encuentro se anunci\u00f3 el inicio de una <strong>Diplomatura en Gesti\u00f3n y Liderazgo<\/strong>, destinada especialmente a <strong>equipos directivos<\/strong>. La propuesta se concreta a partir de un trabajo articulado entre el <strong>Municipio<\/strong>, la empresa <strong>Arcor<\/strong> y la <strong>Universidad Cat\u00f3lica de C\u00f3rdoba<\/strong>.<\/p>\n\n\n\n<p>Adem\u00e1s, se inform\u00f3 que se sumar\u00e1n <strong>otras dos diplomaturas<\/strong> orientadas al <strong>personal docente de jardines de infantes y centros educativos municipales<\/strong>, con el objetivo de ampliar las instancias de formaci\u00f3n dentro del sistema educativo local.<\/p>\n\n\n\n<p>Desde el \u00e1rea destacaron que la <strong>capacitaci\u00f3n permanente<\/strong> resulta fundamental para afrontar los desaf\u00edos actuales en materia educativa y para continuar fortaleciendo el trabajo de las instituciones municipales.<\/p>\n\n\n\n<p>#Educacion #Diplomatura #GestionYLiderazgo #Docentes #Directivos #Capacitacion #InstitucionesEducativas #Municipio<\/p>\n\n\n\n<div class=\"wp-block-jetpack-slideshow aligncenter\" data-effect=\"slide\" style=\"--aspect-ratio:calc(640 \/ 360)\"><div class=\"wp-block-jetpack-slideshow_container swiper\"><ul class=\"wp-block-jetpack-slideshow_swiper-wrapper swiper-wrapper\"><li class=\"wp-block-jetpack-slideshow_slide swiper-slide\"><figure><img decoding=\"async\" width=\"1024\" height=\"576\" alt=\"\" class=\"wp-block-jetpack-slideshow_image wp-image-149974 lazyload\" data-id=\"149974\" data-aspect-ratio=\"640 \/ 360\" data-src=\"https:\/\/eldiariodesanpedro.com.ar\/sitio\/wp-content\/uploads\/2026\/04\/WhatsApp-Image-2026-04-20-at-12.59.011-1024x576.jpeg\" data-srcset=\"https:\/\/eldiariodesanpedro.com.ar\/sitio\/wp-content\/uploads\/2026\/04\/WhatsApp-Image-2026-04-20-at-12.59.011-1024x576.jpeg 1024w, https:\/\/eldiariodesanpedro.com.ar\/sitio\/wp-content\/uploads\/2026\/04\/WhatsApp-Image-2026-04-20-at-12.59.011-300x169.jpeg 300w, https:\/\/eldiariodesanpedro.com.ar\/sitio\/wp-content\/uploads\/2026\/04\/WhatsApp-Image-2026-04-20-at-12.59.011-768x432.jpeg 768w, https:\/\/eldiariodesanpedro.com.ar\/sitio\/wp-content\/uploads\/2026\/04\/WhatsApp-Image-2026-04-20-at-12.59.011.jpeg 1120w\" data-sizes=\"(max-width: 1024px) 100vw, 1024px\" src=\"data:image\/svg+xml;base64,PHN2ZyB3aWR0aD0iMSIgaGVpZ2h0PSIxIiB4bWxucz0iaHR0cDovL3d3dy53My5vcmcvMjAwMC9zdmciPjwvc3ZnPg==\" style=\"--smush-placeholder-width: 1024px; --smush-placeholder-aspect-ratio: 1024\/576;\" \/><\/figure><\/li><li class=\"wp-block-jetpack-slideshow_slide swiper-slide\"><figure><img decoding=\"async\" width=\"1024\" height=\"576\" alt=\"\" class=\"wp-block-jetpack-slideshow_image wp-image-149973 lazyload\" data-id=\"149973\" data-aspect-ratio=\"640 \/ 360\" data-src=\"https:\/\/eldiariodesanpedro.com.ar\/sitio\/wp-content\/uploads\/2026\/04\/WhatsApp-Image-2026-04-20-at-12.59.03-1024x576.jpeg\" data-srcset=\"https:\/\/eldiariodesanpedro.com.ar\/sitio\/wp-content\/uploads\/2026\/04\/WhatsApp-Image-2026-04-20-at-12.59.03-1024x576.jpeg 1024w, https:\/\/eldiariodesanpedro.com.ar\/sitio\/wp-content\/uploads\/2026\/04\/WhatsApp-Image-2026-04-20-at-12.59.03-300x169.jpeg 300w, https:\/\/eldiariodesanpedro.com.ar\/sitio\/wp-content\/uploads\/2026\/04\/WhatsApp-Image-2026-04-20-at-12.59.03-768x432.jpeg 768w, https:\/\/eldiariodesanpedro.com.ar\/sitio\/wp-content\/uploads\/2026\/04\/WhatsApp-Image-2026-04-20-at-12.59.03.jpeg 1120w\" data-sizes=\"(max-width: 1024px) 100vw, 1024px\" src=\"data:image\/svg+xml;base64,PHN2ZyB3aWR0aD0iMSIgaGVpZ2h0PSIxIiB4bWxucz0iaHR0cDovL3d3dy53My5vcmcvMjAwMC9zdmciPjwvc3ZnPg==\" style=\"--smush-placeholder-width: 1024px; --smush-placeholder-aspect-ratio: 1024\/576;\" \/><\/figure><\/li><li class=\"wp-block-jetpack-slideshow_slide swiper-slide\"><figure><img decoding=\"async\" width=\"1024\" height=\"576\" alt=\"\" class=\"wp-block-jetpack-slideshow_image wp-image-149972 lazyload\" data-id=\"149972\" data-aspect-ratio=\"640 \/ 360\" data-src=\"https:\/\/eldiariodesanpedro.com.ar\/sitio\/wp-content\/uploads\/2026\/04\/WhatsApp-Image-2026-04-20-at-12.59.02-1024x576.jpeg\" data-srcset=\"https:\/\/eldiariodesanpedro.com.ar\/sitio\/wp-content\/uploads\/2026\/04\/WhatsApp-Image-2026-04-20-at-12.59.02-1024x576.jpeg 1024w, https:\/\/eldiariodesanpedro.com.ar\/sitio\/wp-content\/uploads\/2026\/04\/WhatsApp-Image-2026-04-20-at-12.59.02-300x169.jpeg 300w, https:\/\/eldiariodesanpedro.com.ar\/sitio\/wp-content\/uploads\/2026\/04\/WhatsApp-Image-2026-04-20-at-12.59.02-768x432.jpeg 768w, https:\/\/eldiariodesanpedro.com.ar\/sitio\/wp-content\/uploads\/2026\/04\/WhatsApp-Image-2026-04-20-at-12.59.02.jpeg 1120w\" data-sizes=\"(max-width: 1024px) 100vw, 1024px\" src=\"data:image\/svg+xml;base64,PHN2ZyB3aWR0aD0iMSIgaGVpZ2h0PSIxIiB4bWxucz0iaHR0cDovL3d3dy53My5vcmcvMjAwMC9zdmciPjwvc3ZnPg==\" style=\"--smush-placeholder-width: 1024px; --smush-placeholder-aspect-ratio: 1024\/576;\" \/><\/figure><\/li><li class=\"wp-block-jetpack-slideshow_slide swiper-slide\"><figure><img decoding=\"async\" width=\"1024\" height=\"576\" alt=\"\" class=\"wp-block-jetpack-slideshow_image wp-image-149971 lazyload\" data-id=\"149971\" data-aspect-ratio=\"640 \/ 360\" data-src=\"https:\/\/eldiariodesanpedro.com.ar\/sitio\/wp-content\/uploads\/2026\/04\/WhatsApp-Image-2026-04-20-at-12.59.02-1-1024x576.jpeg\" data-srcset=\"https:\/\/eldiariodesanpedro.com.ar\/sitio\/wp-content\/uploads\/2026\/04\/WhatsApp-Image-2026-04-20-at-12.59.02-1-1024x576.jpeg 1024w, https:\/\/eldiariodesanpedro.com.ar\/sitio\/wp-content\/uploads\/2026\/04\/WhatsApp-Image-2026-04-20-at-12.59.02-1-300x169.jpeg 300w, https:\/\/eldiariodesanpedro.com.ar\/sitio\/wp-content\/uploads\/2026\/04\/WhatsApp-Image-2026-04-20-at-12.59.02-1-768x432.jpeg 768w, https:\/\/eldiariodesanpedro.com.ar\/sitio\/wp-content\/uploads\/2026\/04\/WhatsApp-Image-2026-04-20-at-12.59.02-1.jpeg 1120w\" data-sizes=\"(max-width: 1024px) 100vw, 1024px\" src=\"data:image\/svg+xml;base64,PHN2ZyB3aWR0aD0iMSIgaGVpZ2h0PSIxIiB4bWxucz0iaHR0cDovL3d3dy53My5vcmcvMjAwMC9zdmciPjwvc3ZnPg==\" style=\"--smush-placeholder-width: 1024px; --smush-placeholder-aspect-ratio: 1024\/576;\" \/><\/figure><\/li><\/ul><a class=\"wp-block-jetpack-slideshow_button-prev swiper-button-prev swiper-button-white\" role=\"button\"><\/a><a class=\"wp-block-jetpack-slideshow_button-next swiper-button-next swiper-button-white\" role=\"button\"><\/a><a aria-label=\"Pause Slideshow\" class=\"wp-block-jetpack-slideshow_button-pause\" role=\"button\"><\/a><div class=\"wp-block-jetpack-slideshow_pagination swiper-pagination swiper-pagination-white\"><\/div><\/div><\/div>\n","protected":false},"excerpt":{"rendered":"<p>La propuesta fue presentada en una reuni\u00f3n con autoridades educativas y apunta a fortalecer la formaci\u00f3n de directivos y docentes de instituciones municipales. La Direcci\u00f3n de Educaci\u00f3n y Capacitaci\u00f3n, dependiente de la Secretar\u00eda de Desarrollo de la Comunidad, realiz\u00f3 una reuni\u00f3n en la Casona de Mitre y Liniers junto a directivos de las instituciones educativas [&hellip;]<\/p>\n","protected":false},"author":4,"featured_media":149970,"comment_status":"closed","ping_status":"closed","sticky":false,"template":"","format":"standard","meta":{"om_disable_all_campaigns":false,"_jetpack_memberships_contains_paid_content":false,"footnotes":""},"categories":[50,101,2],"tags":[1739,10201,10207,10199,10200,10202,10204,10203,10205,10206],"class_list":["post-149969","post","type-post","status-publish","format-standard","has-post-thumbnail","hentry","category-destacadas","category-interes-general-locales","category-locales","tag-arcor","tag-capacitacion-docente","tag-centros-educativos","tag-diplomaturas-en-gestion-y-liderazgo","tag-educacion-municipal","tag-equipos-directivos","tag-formacion-docente","tag-instituciones-educativas-municipales","tag-jardines-de-infantes-2","tag-universidad-catolica-de-cordoba"],"aioseo_notices":[],"gutentor_comment":0,"jetpack_featured_media_url":"https:\/\/eldiariodesanpedro.com.ar\/sitio\/wp-content\/uploads\/2026\/04\/WhatsApp-Image-2026-04-20-at-12.59.01.jpeg","jetpack_shortlink":"https:\/\/wp.me\/p6RhLt-D0R","jetpack_sharing_enabled":true,"_links":{"self":[{"href":"https:\/\/eldiariodesanpedro.com.ar\/sitio\/wp-json\/wp\/v2\/posts\/149969","targetHints":{"allow":["GET"]}}],"collection":[{"href":"https:\/\/eldiariodesanpedro.com.ar\/sitio\/wp-json\/wp\/v2\/posts"}],"about":[{"href":"https:\/\/eldiariodesanpedro.com.ar\/sitio\/wp-json\/wp\/v2\/types\/post"}],"author":[{"embeddable":true,"href":"https:\/\/eldiariodesanpedro.com.ar\/sitio\/wp-json\/wp\/v2\/users\/4"}],"replies":[{"embeddable":true,"href":"https:\/\/eldiariodesanpedro.com.ar\/sitio\/wp-json\/wp\/v2\/comments?post=149969"}],"version-history":[{"count":1,"href":"https:\/\/eldiariodesanpedro.com.ar\/sitio\/wp-json\/wp\/v2\/posts\/149969\/revisions"}],"predecessor-version":[{"id":149975,"href":"https:\/\/eldiariodesanpedro.com.ar\/sitio\/wp-json\/wp\/v2\/posts\/149969\/revisions\/149975"}],"wp:featuredmedia":[{"embeddable":true,"href":"https:\/\/eldiariodesanpedro.com.ar\/sitio\/wp-json\/wp\/v2\/media\/149970"}],"wp:attachment":[{"href":"https:\/\/eldiariodesanpedro.com.ar\/sitio\/wp-json\/wp\/v2\/media?parent=149969"}],"wp:term":[{"taxonomy":"category","embeddable":true,"href":"https:\/\/eldiariodesanpedro.com.ar\/sitio\/wp-json\/wp\/v2\/categories?post=149969"},{"taxonomy":"post_tag","embeddable":true,"href":"https:\/\/eldiariodesanpedro.com.ar\/sitio\/wp-json\/wp\/v2\/tags?post=149969"}],"curies":[{"name":"wp","href":"https:\/\/api.w.org\/{rel}","templated":true}]}}