{"id":149946,"date":"2026-04-20T10:55:58","date_gmt":"2026-04-20T13:55:58","guid":{"rendered":"https:\/\/eldiariodesanpedro.com.ar\/sitio\/?p=149946"},"modified":"2026-04-20T10:56:03","modified_gmt":"2026-04-20T13:56:03","slug":"trabajos-en-una-bomba-afectan-el-servicio-de-agua-en-distintos-sectores","status":"publish","type":"post","link":"https:\/\/eldiariodesanpedro.com.ar\/sitio\/trabajos-en-una-bomba-afectan-el-servicio-de-agua-en-distintos-sectores\/","title":{"rendered":"Trabajos en una bomba afectan el servicio de agua en distintos sectores"},"content":{"rendered":"<!-- VideographyWP Plugin Message: Automatic video embedding prevented by plugin options. -->\n\n<p><em>Personal municipal realiza reparaciones en una bomba y debi\u00f3 interrumpir el funcionamiento de otras, generando inconvenientes en el suministro.<\/em><\/p>\n\n\n\n<p>El Municipio, a trav\u00e9s de la <strong>Secretar\u00eda de Servicios P\u00fablicos<\/strong>, inform\u00f3 que <strong>personal t\u00e9cnico se encuentra trabajando en la reparaci\u00f3n de una bomba ubicada en la intersecci\u00f3n de Saavedra y 11 de Septiembre<\/strong>.<\/p>\n\n\n\n<p>Como consecuencia de estas tareas, <strong>fue necesario detener el funcionamiento de otras bombas<\/strong>, lo que provoc\u00f3 <strong>afectaciones en el servicio de agua en diferentes zonas<\/strong>.<\/p>\n\n\n\n<p>Desde el \u00e1rea indicaron que <strong>la situaci\u00f3n comenzar\u00e1 a normalizarse una vez finalizadas las reparaciones en el lugar<\/strong>, sin precisar un horario estimado de restituci\u00f3n total del servicio.<\/p>\n\n\n\n<p>#ServiciosPublicos #Agua #Obras #Municipio #CorteDeAgua #Infraestructura<\/p>\n","protected":false},"excerpt":{"rendered":"<p>Personal municipal realiza reparaciones en una bomba y debi\u00f3 interrumpir el funcionamiento de otras, generando inconvenientes en el suministro. El Municipio, a trav\u00e9s de la Secretar\u00eda de Servicios P\u00fablicos, inform\u00f3 que personal t\u00e9cnico se encuentra trabajando en la reparaci\u00f3n de una bomba ubicada en la intersecci\u00f3n de Saavedra y 11 de Septiembre. Como consecuencia de [&hellip;]<\/p>\n","protected":false},"author":4,"featured_media":149947,"comment_status":"closed","ping_status":"closed","sticky":false,"template":"","format":"standard","meta":{"om_disable_all_campaigns":false,"_jetpack_memberships_contains_paid_content":false,"footnotes":""},"categories":[2],"tags":[],"class_list":["post-149946","post","type-post","status-publish","format-standard","has-post-thumbnail","hentry","category-locales"],"aioseo_notices":[],"gutentor_comment":0,"jetpack_featured_media_url":"https:\/\/eldiariodesanpedro.com.ar\/sitio\/wp-content\/uploads\/2026\/04\/Rotura-bomba-.jpg","jetpack_shortlink":"https:\/\/wp.me\/p6RhLt-D0u","jetpack_sharing_enabled":true,"_links":{"self":[{"href":"https:\/\/eldiariodesanpedro.com.ar\/sitio\/wp-json\/wp\/v2\/posts\/149946","targetHints":{"allow":["GET"]}}],"collection":[{"href":"https:\/\/eldiariodesanpedro.com.ar\/sitio\/wp-json\/wp\/v2\/posts"}],"about":[{"href":"https:\/\/eldiariodesanpedro.com.ar\/sitio\/wp-json\/wp\/v2\/types\/post"}],"author":[{"embeddable":true,"href":"https:\/\/eldiariodesanpedro.com.ar\/sitio\/wp-json\/wp\/v2\/users\/4"}],"replies":[{"embeddable":true,"href":"https:\/\/eldiariodesanpedro.com.ar\/sitio\/wp-json\/wp\/v2\/comments?post=149946"}],"version-history":[{"count":1,"href":"https:\/\/eldiariodesanpedro.com.ar\/sitio\/wp-json\/wp\/v2\/posts\/149946\/revisions"}],"predecessor-version":[{"id":149948,"href":"https:\/\/eldiariodesanpedro.com.ar\/sitio\/wp-json\/wp\/v2\/posts\/149946\/revisions\/149948"}],"wp:featuredmedia":[{"embeddable":true,"href":"https:\/\/eldiariodesanpedro.com.ar\/sitio\/wp-json\/wp\/v2\/media\/149947"}],"wp:attachment":[{"href":"https:\/\/eldiariodesanpedro.com.ar\/sitio\/wp-json\/wp\/v2\/media?parent=149946"}],"wp:term":[{"taxonomy":"category","embeddable":true,"href":"https:\/\/eldiariodesanpedro.com.ar\/sitio\/wp-json\/wp\/v2\/categories?post=149946"},{"taxonomy":"post_tag","embeddable":true,"href":"https:\/\/eldiariodesanpedro.com.ar\/sitio\/wp-json\/wp\/v2\/tags?post=149946"}],"curies":[{"name":"wp","href":"https:\/\/api.w.org\/{rel}","templated":true}]}}