{"id":14994,"date":"2017-02-19T18:55:21","date_gmt":"2017-02-19T21:55:21","guid":{"rendered":"https:\/\/eldiariodesanpedro.com.ar\/sitio\/?p=14994"},"modified":"2017-02-19T18:55:21","modified_gmt":"2017-02-19T21:55:21","slug":"comienza-la-inscripcion-del-plan-fines","status":"publish","type":"post","link":"https:\/\/eldiariodesanpedro.com.ar\/sitio\/comienza-la-inscripcion-del-plan-fines\/","title":{"rendered":"Comienza la inscripci\u00f3n del Plan Fines"},"content":{"rendered":"<p><!-- VideographyWP Plugin Message: Automatic video embedding prevented by plugin options. --><br \/>\nSeg\u00fan lo ha dado a conocer la Jefatura Distrital de Educaci\u00f3n, quienes est\u00e9n interesados en cursar las materias adecuadas y terminar el secundario, deber\u00e1n presentarse el martes pr\u00f3ximo de 17.30 a 20 hs.  en la sede de Ayacucho 272.<br \/>\nLos requisitos son: ser mayor de 18 a\u00f1os y tener estudios primarios completos. En tanto que la documentaci\u00f3n requerida (presentarla dentro de un folio transparente) es: Fotocopia del DNI y de la partida de nacimiento. La Constancia de CUIL y Certificado de estudios de nivel primario o EGB.<br \/>\nEl Plan Fines es una propuesta educativa para personas mayores de 18 a\u00f1os que no hayan finalizado sus estudios secundarios y que haga m\u00e1s de un a\u00f1o que est\u00e1n fuera del sistema educativo.<br \/>\nPara este a\u00f1o, Plan Fines continuar\u00e1 desarroll\u00e1ndose de la misma manera que en los \u00faltimos a\u00f1os con una cursada de lunes a viernes y con un necesario 75% de asistencia en cada una de las \u00e1reas.<br \/>\nLa \u00fanica variante est\u00e1 relacionada con la designaci\u00f3n de los profesores los cuales antes eran designados por presentaci\u00f3n de proyecto y, a partir de este a\u00f1o, deber\u00e1n hacer un ingreso a la docencia para luego ser designados teniendo como referencia el nombre de m\u00e9ritos que establece el listado oficial.<\/p>\n<p>Equivalencias<\/p>\n<p>Plan Fines tiene una duraci\u00f3n de tres a\u00f1os y cuenta con un r\u00e9gimen de equivalencia que, de acuerdo a lo que la persona tenga transitado en el nivel secundario, es el a\u00f1o en el que se inscribe. Si cuenta con s\u00f3lo un t\u00edtulo primario, cursar\u00e1 los tres. Si cuenta con algo de secundario, se observar\u00e1 el r\u00e9gimen de equivalencia.<\/p>\n","protected":false},"excerpt":{"rendered":"<p>Seg\u00fan lo ha dado a conocer la Jefatura Distrital de Educaci\u00f3n, quienes est\u00e9n interesados en cursar las materias adecuadas y terminar el secundario, deber\u00e1n presentarse el martes pr\u00f3ximo de 17.30 a 20 hs. en la sede de Ayacucho 272. Los requisitos son: ser mayor de 18 a\u00f1os y tener estudios primarios completos. En tanto que [&hellip;]<\/p>\n","protected":false},"author":4,"featured_media":14995,"comment_status":"open","ping_status":"closed","sticky":false,"template":"","format":"standard","meta":{"om_disable_all_campaigns":false,"_jetpack_memberships_contains_paid_content":false,"footnotes":""},"categories":[50,101,2],"tags":[],"class_list":["post-14994","post","type-post","status-publish","format-standard","has-post-thumbnail","hentry","category-destacadas","category-interes-general-locales","category-locales"],"aioseo_notices":[],"gutentor_comment":0,"jetpack_featured_media_url":"https:\/\/eldiariodesanpedro.com.ar\/sitio\/wp-content\/uploads\/2017\/02\/plan-fines.jpg","jetpack_shortlink":"https:\/\/wp.me\/p6RhLt-3TQ","jetpack_sharing_enabled":true,"_links":{"self":[{"href":"https:\/\/eldiariodesanpedro.com.ar\/sitio\/wp-json\/wp\/v2\/posts\/14994","targetHints":{"allow":["GET"]}}],"collection":[{"href":"https:\/\/eldiariodesanpedro.com.ar\/sitio\/wp-json\/wp\/v2\/posts"}],"about":[{"href":"https:\/\/eldiariodesanpedro.com.ar\/sitio\/wp-json\/wp\/v2\/types\/post"}],"author":[{"embeddable":true,"href":"https:\/\/eldiariodesanpedro.com.ar\/sitio\/wp-json\/wp\/v2\/users\/4"}],"replies":[{"embeddable":true,"href":"https:\/\/eldiariodesanpedro.com.ar\/sitio\/wp-json\/wp\/v2\/comments?post=14994"}],"version-history":[{"count":1,"href":"https:\/\/eldiariodesanpedro.com.ar\/sitio\/wp-json\/wp\/v2\/posts\/14994\/revisions"}],"predecessor-version":[{"id":14996,"href":"https:\/\/eldiariodesanpedro.com.ar\/sitio\/wp-json\/wp\/v2\/posts\/14994\/revisions\/14996"}],"wp:featuredmedia":[{"embeddable":true,"href":"https:\/\/eldiariodesanpedro.com.ar\/sitio\/wp-json\/wp\/v2\/media\/14995"}],"wp:attachment":[{"href":"https:\/\/eldiariodesanpedro.com.ar\/sitio\/wp-json\/wp\/v2\/media?parent=14994"}],"wp:term":[{"taxonomy":"category","embeddable":true,"href":"https:\/\/eldiariodesanpedro.com.ar\/sitio\/wp-json\/wp\/v2\/categories?post=14994"},{"taxonomy":"post_tag","embeddable":true,"href":"https:\/\/eldiariodesanpedro.com.ar\/sitio\/wp-json\/wp\/v2\/tags?post=14994"}],"curies":[{"name":"wp","href":"https:\/\/api.w.org\/{rel}","templated":true}]}}