{"id":14988,"date":"2017-02-19T18:46:31","date_gmt":"2017-02-19T21:46:31","guid":{"rendered":"https:\/\/eldiariodesanpedro.com.ar\/sitio\/?p=14988"},"modified":"2017-02-19T18:46:31","modified_gmt":"2017-02-19T21:46:31","slug":"arrecifes-un-distribuidor-de-bebidas-que-sufrio-un-importante-robo-denuncia-amenazas","status":"publish","type":"post","link":"https:\/\/eldiariodesanpedro.com.ar\/sitio\/arrecifes-un-distribuidor-de-bebidas-que-sufrio-un-importante-robo-denuncia-amenazas\/","title":{"rendered":"Arrecifes: Un distribuidor de bebidas que sufri\u00f3 un importante robo, denuncia amenazas"},"content":{"rendered":"<p><!-- VideographyWP Plugin Message: Automatic video embedding prevented by plugin options. --><br \/>\nAlejandro \u201cPini\u201d Siciliano, quien d\u00edas atr\u00e1s sufri\u00f3 un importante robo en su distribuidora de bebidas y luego denunci\u00f3 p\u00fablicamente a dos efectivos de Infanter\u00eda que estaban utilizando sus tel\u00e9fonos celulares en horas de trabajo, se present\u00f3 el pasado mi\u00e9rcoles en la Comisar\u00eda para denunciar un hecho de \u201camenazas, da\u00f1o y hurto\u201d.<\/p>\n<p>El parte de prensa de la Polic\u00eda de Arrecifes indica lo siguiente: \u201cEn la tarde noche de ese d\u00eda, un masculino le sustrajo de la vereda de su comercio del rubro distribuidora de bebidas, sito en ruta 51 de esta ciudad, un caj\u00f3n de cervezas vac\u00edo, refiriendo  el denunciante haber perseguido al denunciado y al cabo de unas cuadras logra recuperar el caj\u00f3n, previo mantener una discusi\u00f3n con el mismo. Siendo las 21:30 horas circunstancias que Siciliano no se encontraba en el comercio, seg\u00fan relata la denuncia, se hace presente quien le hab\u00eda sustra\u00eddo el elemento mencionado, produciendo da\u00f1os en la motocicleta de un empleado, asimismo seg\u00fan relata es amenazado mediante las redes sociales por el hijo de esta persona. Mantenida comunicaci\u00f3n con el Sr. Ayudante de Fiscal Dr. Alfredo Iglesias, el mismo orden\u00f3 que se cumplan recaudos legales para con los dos masculinos, que se encuentran identificados. Se iniciaron las correspondientes actuaciones con la intervenci\u00f3n de la UFI N\u00ba 2 de San Nicol\u00e1s\u201d. Fuente: (<a href=\"http:\/\/arrecifesnoticias.com\">http:\/\/arrecifesnoticias.com<\/a>)<\/p>\n","protected":false},"excerpt":{"rendered":"<p>Alejandro \u201cPini\u201d Siciliano, quien d\u00edas atr\u00e1s sufri\u00f3 un importante robo en su distribuidora de bebidas y luego denunci\u00f3 p\u00fablicamente a dos efectivos de Infanter\u00eda que estaban utilizando sus tel\u00e9fonos celulares en horas de trabajo, se present\u00f3 el pasado mi\u00e9rcoles en la Comisar\u00eda para denunciar un hecho de \u201camenazas, da\u00f1o y hurto\u201d. El parte de prensa [&hellip;]<\/p>\n","protected":false},"author":4,"featured_media":14989,"comment_status":"open","ping_status":"closed","sticky":false,"template":"","format":"standard","meta":{"om_disable_all_campaigns":false,"_jetpack_memberships_contains_paid_content":false,"footnotes":""},"categories":[621],"tags":[],"class_list":["post-14988","post","type-post","status-publish","format-standard","has-post-thumbnail","hentry","category-regionales"],"aioseo_notices":[],"gutentor_comment":0,"jetpack_featured_media_url":"https:\/\/eldiariodesanpedro.com.ar\/sitio\/wp-content\/uploads\/2017\/02\/Pini-Siciliano.jpg","jetpack_shortlink":"https:\/\/wp.me\/p6RhLt-3TK","jetpack_sharing_enabled":true,"_links":{"self":[{"href":"https:\/\/eldiariodesanpedro.com.ar\/sitio\/wp-json\/wp\/v2\/posts\/14988","targetHints":{"allow":["GET"]}}],"collection":[{"href":"https:\/\/eldiariodesanpedro.com.ar\/sitio\/wp-json\/wp\/v2\/posts"}],"about":[{"href":"https:\/\/eldiariodesanpedro.com.ar\/sitio\/wp-json\/wp\/v2\/types\/post"}],"author":[{"embeddable":true,"href":"https:\/\/eldiariodesanpedro.com.ar\/sitio\/wp-json\/wp\/v2\/users\/4"}],"replies":[{"embeddable":true,"href":"https:\/\/eldiariodesanpedro.com.ar\/sitio\/wp-json\/wp\/v2\/comments?post=14988"}],"version-history":[{"count":1,"href":"https:\/\/eldiariodesanpedro.com.ar\/sitio\/wp-json\/wp\/v2\/posts\/14988\/revisions"}],"predecessor-version":[{"id":14990,"href":"https:\/\/eldiariodesanpedro.com.ar\/sitio\/wp-json\/wp\/v2\/posts\/14988\/revisions\/14990"}],"wp:featuredmedia":[{"embeddable":true,"href":"https:\/\/eldiariodesanpedro.com.ar\/sitio\/wp-json\/wp\/v2\/media\/14989"}],"wp:attachment":[{"href":"https:\/\/eldiariodesanpedro.com.ar\/sitio\/wp-json\/wp\/v2\/media?parent=14988"}],"wp:term":[{"taxonomy":"category","embeddable":true,"href":"https:\/\/eldiariodesanpedro.com.ar\/sitio\/wp-json\/wp\/v2\/categories?post=14988"},{"taxonomy":"post_tag","embeddable":true,"href":"https:\/\/eldiariodesanpedro.com.ar\/sitio\/wp-json\/wp\/v2\/tags?post=14988"}],"curies":[{"name":"wp","href":"https:\/\/api.w.org\/{rel}","templated":true}]}}