{"id":14984,"date":"2017-02-19T18:41:55","date_gmt":"2017-02-19T21:41:55","guid":{"rendered":"https:\/\/eldiariodesanpedro.com.ar\/sitio\/?p=14984"},"modified":"2017-02-19T18:43:37","modified_gmt":"2017-02-19T21:43:37","slug":"secuestraron-mas-de-150-plantas-de-marihuana-en-baradero","status":"publish","type":"post","link":"https:\/\/eldiariodesanpedro.com.ar\/sitio\/secuestraron-mas-de-150-plantas-de-marihuana-en-baradero\/","title":{"rendered":"Secuestraron mas de 150 plantas de marihuana en Baradero"},"content":{"rendered":"<p><!-- VideographyWP Plugin Message: Automatic video embedding prevented by plugin options. --><br \/>\nFue aprehendida una persona mayor de edad. La diligencia se llev\u00f3 a cabo en Juan B justo entre Urquiza y V\u00e9lez Sarsfield. Se trata de un procedimiento ordenado por la Fiscal\u00eda N\u00ba 9 de esa ciudad.  Intervinieron efectivos de la Sub DDI San Pedro &#8211; Baradero, a cargo del Subcomisario Ariel Cerdeira, juntamente con personal de la Comisar\u00eda de Baradero.<\/p>\n<p>La investigaci\u00f3n arroj\u00f3 que en el lugar se produc\u00edan plantas de marihuana. Fueron halladas en un invern\u00e1culo bajo la modalidad de vivero y a su vez se produc\u00eda la venta de las mismas.<\/p>\n<p>Por el momento fue aprehendida una persona que fue encontrada cuando se concret\u00f3 la diligencia.<\/p>\n","protected":false},"excerpt":{"rendered":"<p>Fue aprehendida una persona mayor de edad. La diligencia se llev\u00f3 a cabo en Juan B justo entre Urquiza y V\u00e9lez Sarsfield. Se trata de un procedimiento ordenado por la Fiscal\u00eda N\u00ba 9 de esa ciudad. Intervinieron efectivos de la Sub DDI San Pedro &#8211; Baradero, a cargo del Subcomisario Ariel Cerdeira, juntamente con personal [&hellip;]<\/p>\n","protected":false},"author":4,"featured_media":14985,"comment_status":"open","ping_status":"closed","sticky":false,"template":"","format":"standard","meta":{"om_disable_all_campaigns":false,"_jetpack_memberships_contains_paid_content":false,"footnotes":""},"categories":[50,621],"tags":[],"class_list":["post-14984","post","type-post","status-publish","format-standard","has-post-thumbnail","hentry","category-destacadas","category-regionales"],"aioseo_notices":[],"gutentor_comment":0,"jetpack_featured_media_url":"https:\/\/eldiariodesanpedro.com.ar\/sitio\/wp-content\/uploads\/2017\/02\/PAGINA-6.jpeg","jetpack_shortlink":"https:\/\/wp.me\/p6RhLt-3TG","jetpack_sharing_enabled":true,"_links":{"self":[{"href":"https:\/\/eldiariodesanpedro.com.ar\/sitio\/wp-json\/wp\/v2\/posts\/14984","targetHints":{"allow":["GET"]}}],"collection":[{"href":"https:\/\/eldiariodesanpedro.com.ar\/sitio\/wp-json\/wp\/v2\/posts"}],"about":[{"href":"https:\/\/eldiariodesanpedro.com.ar\/sitio\/wp-json\/wp\/v2\/types\/post"}],"author":[{"embeddable":true,"href":"https:\/\/eldiariodesanpedro.com.ar\/sitio\/wp-json\/wp\/v2\/users\/4"}],"replies":[{"embeddable":true,"href":"https:\/\/eldiariodesanpedro.com.ar\/sitio\/wp-json\/wp\/v2\/comments?post=14984"}],"version-history":[{"count":2,"href":"https:\/\/eldiariodesanpedro.com.ar\/sitio\/wp-json\/wp\/v2\/posts\/14984\/revisions"}],"predecessor-version":[{"id":14987,"href":"https:\/\/eldiariodesanpedro.com.ar\/sitio\/wp-json\/wp\/v2\/posts\/14984\/revisions\/14987"}],"wp:featuredmedia":[{"embeddable":true,"href":"https:\/\/eldiariodesanpedro.com.ar\/sitio\/wp-json\/wp\/v2\/media\/14985"}],"wp:attachment":[{"href":"https:\/\/eldiariodesanpedro.com.ar\/sitio\/wp-json\/wp\/v2\/media?parent=14984"}],"wp:term":[{"taxonomy":"category","embeddable":true,"href":"https:\/\/eldiariodesanpedro.com.ar\/sitio\/wp-json\/wp\/v2\/categories?post=14984"},{"taxonomy":"post_tag","embeddable":true,"href":"https:\/\/eldiariodesanpedro.com.ar\/sitio\/wp-json\/wp\/v2\/tags?post=14984"}],"curies":[{"name":"wp","href":"https:\/\/api.w.org\/{rel}","templated":true}]}}