{"id":14982,"date":"2017-02-19T18:11:53","date_gmt":"2017-02-19T21:11:53","guid":{"rendered":"https:\/\/eldiariodesanpedro.com.ar\/sitio\/?p=14982"},"modified":"2017-02-19T18:11:53","modified_gmt":"2017-02-19T21:11:53","slug":"un-menor-de-edad-aprehendido-por-robar-a-punta-de-cuchillo-y-golpear-a-otro-menor-provocandole-lesiones","status":"publish","type":"post","link":"https:\/\/eldiariodesanpedro.com.ar\/sitio\/un-menor-de-edad-aprehendido-por-robar-a-punta-de-cuchillo-y-golpear-a-otro-menor-provocandole-lesiones\/","title":{"rendered":"Un menor de edad aprehendido por robar a punta de cuchillo y golpear a otro menor provocandole lesiones"},"content":{"rendered":"<p><!-- VideographyWP Plugin Message: Automatic video embedding prevented by plugin options. --><br \/>\nEn la madrugada de hoy alrededor de las 05:30 hs. personal policial en calle Ruiz Moreno y Pellegrini procedi\u00f3 a la aprehensi\u00f3n de un joven de 17 a\u00f1os de edad a quien se le secuestro en su poder  una cuchilla de cocina de gran tama\u00f1o y una billetera con documentaci\u00f3n de una ciudadano de nuestra ciudad al cual momentos antes este delincuente hab\u00eda robado a punta de arma blanca en la intersecci\u00f3n de 3 de febrero y Rivadavia. <\/p>\n<p>As\u00ed mismo este malviviente continuando con su raid delictivo golpeo a un joven menor de edad en la peatonal de la ciudad, agredi\u00e9ndolo con un objeto contundente y provocandole lesiones en su rostro, registradas como heridas leves. <\/p>\n<p>El aprehendido fue alojado en la comisaria local esperando resoluci\u00f3n judicial en cuanto a su situaci\u00f3n procesal, se investigan los hechos a trav\u00e9s de la fiscal\u00eda del fuero de la responsabilidad penal juvenil en turno de San Nicolas  <\/p>\n","protected":false},"excerpt":{"rendered":"<p>En la madrugada de hoy alrededor de las 05:30 hs. personal policial en calle Ruiz Moreno y Pellegrini procedi\u00f3 a la aprehensi\u00f3n de un joven de 17 a\u00f1os de edad a quien se le secuestro en su poder una cuchilla de cocina de gran tama\u00f1o y una billetera con documentaci\u00f3n de una ciudadano de nuestra [&hellip;]<\/p>\n","protected":false},"author":4,"featured_media":1378,"comment_status":"open","ping_status":"closed","sticky":false,"template":"","format":"standard","meta":{"om_disable_all_campaigns":false,"_jetpack_memberships_contains_paid_content":false,"footnotes":""},"categories":[2,103],"tags":[],"class_list":["post-14982","post","type-post","status-publish","format-standard","has-post-thumbnail","hentry","category-locales","category-policiales-locales"],"aioseo_notices":[],"gutentor_comment":0,"jetpack_featured_media_url":"https:\/\/eldiariodesanpedro.com.ar\/sitio\/wp-content\/uploads\/2015\/12\/detenido-esposado-620x413.jpg","jetpack_shortlink":"https:\/\/wp.me\/p6RhLt-3TE","jetpack_sharing_enabled":true,"_links":{"self":[{"href":"https:\/\/eldiariodesanpedro.com.ar\/sitio\/wp-json\/wp\/v2\/posts\/14982","targetHints":{"allow":["GET"]}}],"collection":[{"href":"https:\/\/eldiariodesanpedro.com.ar\/sitio\/wp-json\/wp\/v2\/posts"}],"about":[{"href":"https:\/\/eldiariodesanpedro.com.ar\/sitio\/wp-json\/wp\/v2\/types\/post"}],"author":[{"embeddable":true,"href":"https:\/\/eldiariodesanpedro.com.ar\/sitio\/wp-json\/wp\/v2\/users\/4"}],"replies":[{"embeddable":true,"href":"https:\/\/eldiariodesanpedro.com.ar\/sitio\/wp-json\/wp\/v2\/comments?post=14982"}],"version-history":[{"count":1,"href":"https:\/\/eldiariodesanpedro.com.ar\/sitio\/wp-json\/wp\/v2\/posts\/14982\/revisions"}],"predecessor-version":[{"id":14983,"href":"https:\/\/eldiariodesanpedro.com.ar\/sitio\/wp-json\/wp\/v2\/posts\/14982\/revisions\/14983"}],"wp:featuredmedia":[{"embeddable":true,"href":"https:\/\/eldiariodesanpedro.com.ar\/sitio\/wp-json\/wp\/v2\/media\/1378"}],"wp:attachment":[{"href":"https:\/\/eldiariodesanpedro.com.ar\/sitio\/wp-json\/wp\/v2\/media?parent=14982"}],"wp:term":[{"taxonomy":"category","embeddable":true,"href":"https:\/\/eldiariodesanpedro.com.ar\/sitio\/wp-json\/wp\/v2\/categories?post=14982"},{"taxonomy":"post_tag","embeddable":true,"href":"https:\/\/eldiariodesanpedro.com.ar\/sitio\/wp-json\/wp\/v2\/tags?post=14982"}],"curies":[{"name":"wp","href":"https:\/\/api.w.org\/{rel}","templated":true}]}}