{"id":14980,"date":"2017-02-19T17:58:29","date_gmt":"2017-02-19T20:58:29","guid":{"rendered":"https:\/\/eldiariodesanpedro.com.ar\/sitio\/?p=14980"},"modified":"2017-02-19T17:58:29","modified_gmt":"2017-02-19T20:58:29","slug":"un-joven-herido-por-una-escopeta-en-el-barrio-san-francisco","status":"publish","type":"post","link":"https:\/\/eldiariodesanpedro.com.ar\/sitio\/un-joven-herido-por-una-escopeta-en-el-barrio-san-francisco\/","title":{"rendered":"Un joven herido por una escopeta en el barrio San Francisco"},"content":{"rendered":"<p><!-- VideographyWP Plugin Message: Automatic video embedding prevented by plugin options. --><br \/>\nEl d\u00eda de ayer a las 23:30 hs se tomo intervenci\u00f3n por parte del personal policial de nuestra ciudad a ra\u00edz de un ingreso a la guardia del hospital Emilio Ruffa de un joven de 19 a\u00f1os de edad quien presentaba heridas superficiales en uno de los costados del t\u00f3rax, heridas que fueron realizadas con m\u00faltiples disparos con perdigones efectuados por un arma de fuego tipo escopeta.<\/p>\n<p>El hecho ocurri\u00f3 momentos antes en el barrio san Francisco de nuestra ciudad, hasta el momento no se pudo identificar al agresor como tampoco se pudo determinar el motivo, este caso esta siendo investigado por la fiscal\u00eda de turno.<\/p>\n","protected":false},"excerpt":{"rendered":"<p>El d\u00eda de ayer a las 23:30 hs se tomo intervenci\u00f3n por parte del personal policial de nuestra ciudad a ra\u00edz de un ingreso a la guardia del hospital Emilio Ruffa de un joven de 19 a\u00f1os de edad quien presentaba heridas superficiales en uno de los costados del t\u00f3rax, heridas que fueron realizadas con [&hellip;]<\/p>\n","protected":false},"author":4,"featured_media":2624,"comment_status":"open","ping_status":"closed","sticky":false,"template":"","format":"standard","meta":{"om_disable_all_campaigns":false,"_jetpack_memberships_contains_paid_content":false,"footnotes":""},"categories":[2,103],"tags":[],"class_list":["post-14980","post","type-post","status-publish","format-standard","has-post-thumbnail","hentry","category-locales","category-policiales-locales"],"aioseo_notices":[],"gutentor_comment":0,"jetpack_featured_media_url":"https:\/\/eldiariodesanpedro.com.ar\/sitio\/wp-content\/uploads\/2016\/04\/guardia.jpg","jetpack_shortlink":"https:\/\/wp.me\/p6RhLt-3TC","jetpack_sharing_enabled":true,"_links":{"self":[{"href":"https:\/\/eldiariodesanpedro.com.ar\/sitio\/wp-json\/wp\/v2\/posts\/14980","targetHints":{"allow":["GET"]}}],"collection":[{"href":"https:\/\/eldiariodesanpedro.com.ar\/sitio\/wp-json\/wp\/v2\/posts"}],"about":[{"href":"https:\/\/eldiariodesanpedro.com.ar\/sitio\/wp-json\/wp\/v2\/types\/post"}],"author":[{"embeddable":true,"href":"https:\/\/eldiariodesanpedro.com.ar\/sitio\/wp-json\/wp\/v2\/users\/4"}],"replies":[{"embeddable":true,"href":"https:\/\/eldiariodesanpedro.com.ar\/sitio\/wp-json\/wp\/v2\/comments?post=14980"}],"version-history":[{"count":1,"href":"https:\/\/eldiariodesanpedro.com.ar\/sitio\/wp-json\/wp\/v2\/posts\/14980\/revisions"}],"predecessor-version":[{"id":14981,"href":"https:\/\/eldiariodesanpedro.com.ar\/sitio\/wp-json\/wp\/v2\/posts\/14980\/revisions\/14981"}],"wp:featuredmedia":[{"embeddable":true,"href":"https:\/\/eldiariodesanpedro.com.ar\/sitio\/wp-json\/wp\/v2\/media\/2624"}],"wp:attachment":[{"href":"https:\/\/eldiariodesanpedro.com.ar\/sitio\/wp-json\/wp\/v2\/media?parent=14980"}],"wp:term":[{"taxonomy":"category","embeddable":true,"href":"https:\/\/eldiariodesanpedro.com.ar\/sitio\/wp-json\/wp\/v2\/categories?post=14980"},{"taxonomy":"post_tag","embeddable":true,"href":"https:\/\/eldiariodesanpedro.com.ar\/sitio\/wp-json\/wp\/v2\/tags?post=14980"}],"curies":[{"name":"wp","href":"https:\/\/api.w.org\/{rel}","templated":true}]}}