{"id":14976,"date":"2017-02-19T17:39:57","date_gmt":"2017-02-19T20:39:57","guid":{"rendered":"https:\/\/eldiariodesanpedro.com.ar\/sitio\/?p=14976"},"modified":"2017-02-19T17:39:57","modified_gmt":"2017-02-19T20:39:57","slug":"encontraron-a-una-joven-de-15-anos-que-se-ausento-de-su-domicilio-con-su-bebe-de-meses-de-vida","status":"publish","type":"post","link":"https:\/\/eldiariodesanpedro.com.ar\/sitio\/encontraron-a-una-joven-de-15-anos-que-se-ausento-de-su-domicilio-con-su-bebe-de-meses-de-vida\/","title":{"rendered":"Encontraron a una joven de 15 a\u00f1os que se ausento de su domicilio con su bebe de meses de vida"},"content":{"rendered":"<p><!-- VideographyWP Plugin Message: Automatic video embedding prevented by plugin options. --><br \/>\nEn el d\u00eda de ayer en horas del mediod\u00eda personal policial tras un r\u00e1pido proceder en toda la zona del partido de San Pedro logro ubicar a una joven de 15 a\u00f1os de edad junto a su beba de meses de vida, la cual estaba siendo buscada por su madre ya que esta se habia ausentado de su domicilio ubicado en la vecina localidad de Baradero. Una vez ubicada fue restituida a su familia tomando intervenci\u00f3n en las actuaciones labradas la fiscalia N\u00ba 9 de Baradero.<\/p>\n","protected":false},"excerpt":{"rendered":"<p>En el d\u00eda de ayer en horas del mediod\u00eda personal policial tras un r\u00e1pido proceder en toda la zona del partido de San Pedro logro ubicar a una joven de 15 a\u00f1os de edad junto a su beba de meses de vida, la cual estaba siendo buscada por su madre ya que esta se habia [&hellip;]<\/p>\n","protected":false},"author":4,"featured_media":13369,"comment_status":"open","ping_status":"closed","sticky":false,"template":"","format":"standard","meta":{"om_disable_all_campaigns":false,"_jetpack_memberships_contains_paid_content":false,"footnotes":""},"categories":[2,103],"tags":[],"class_list":["post-14976","post","type-post","status-publish","format-standard","has-post-thumbnail","hentry","category-locales","category-policiales-locales"],"aioseo_notices":[],"gutentor_comment":0,"jetpack_featured_media_url":"https:\/\/eldiariodesanpedro.com.ar\/sitio\/wp-content\/uploads\/2017\/01\/Patrulla-1-e1485285915195.jpg","jetpack_shortlink":"https:\/\/wp.me\/p6RhLt-3Ty","jetpack_sharing_enabled":true,"_links":{"self":[{"href":"https:\/\/eldiariodesanpedro.com.ar\/sitio\/wp-json\/wp\/v2\/posts\/14976","targetHints":{"allow":["GET"]}}],"collection":[{"href":"https:\/\/eldiariodesanpedro.com.ar\/sitio\/wp-json\/wp\/v2\/posts"}],"about":[{"href":"https:\/\/eldiariodesanpedro.com.ar\/sitio\/wp-json\/wp\/v2\/types\/post"}],"author":[{"embeddable":true,"href":"https:\/\/eldiariodesanpedro.com.ar\/sitio\/wp-json\/wp\/v2\/users\/4"}],"replies":[{"embeddable":true,"href":"https:\/\/eldiariodesanpedro.com.ar\/sitio\/wp-json\/wp\/v2\/comments?post=14976"}],"version-history":[{"count":1,"href":"https:\/\/eldiariodesanpedro.com.ar\/sitio\/wp-json\/wp\/v2\/posts\/14976\/revisions"}],"predecessor-version":[{"id":14977,"href":"https:\/\/eldiariodesanpedro.com.ar\/sitio\/wp-json\/wp\/v2\/posts\/14976\/revisions\/14977"}],"wp:featuredmedia":[{"embeddable":true,"href":"https:\/\/eldiariodesanpedro.com.ar\/sitio\/wp-json\/wp\/v2\/media\/13369"}],"wp:attachment":[{"href":"https:\/\/eldiariodesanpedro.com.ar\/sitio\/wp-json\/wp\/v2\/media?parent=14976"}],"wp:term":[{"taxonomy":"category","embeddable":true,"href":"https:\/\/eldiariodesanpedro.com.ar\/sitio\/wp-json\/wp\/v2\/categories?post=14976"},{"taxonomy":"post_tag","embeddable":true,"href":"https:\/\/eldiariodesanpedro.com.ar\/sitio\/wp-json\/wp\/v2\/tags?post=14976"}],"curies":[{"name":"wp","href":"https:\/\/api.w.org\/{rel}","templated":true}]}}