{"id":14972,"date":"2017-02-18T16:41:31","date_gmt":"2017-02-18T19:41:31","guid":{"rendered":"https:\/\/eldiariodesanpedro.com.ar\/sitio\/?p=14972"},"modified":"2017-02-18T16:41:31","modified_gmt":"2017-02-18T19:41:31","slug":"accidente-de-una-moto","status":"publish","type":"post","link":"https:\/\/eldiariodesanpedro.com.ar\/sitio\/accidente-de-una-moto\/","title":{"rendered":"Accidente de una moto"},"content":{"rendered":"<p><!-- VideographyWP Plugin Message: Automatic video embedding prevented by plugin options. --><br \/>\nEn la tarde de hoy alrededor de las 16:15 hs se produjo un accidente de tr\u00e1nsito en la esquina de An\u00edbal de Ant\u00f3n y 3 de Febrero,  un joven que circulaba en una motocicleta Corven tipo cross roja 125 cc sin casco colision\u00f3 con un autom\u00f3vil Wolksvagen Gol Gris. <\/p>\n<p>Esta persona fue trasladada a la guardia del nosocomio local donde se realizar\u00e1n los estudios pertinentes.  <\/p>\n","protected":false},"excerpt":{"rendered":"<p>En la tarde de hoy alrededor de las 16:15 hs se produjo un accidente de tr\u00e1nsito en la esquina de An\u00edbal de Ant\u00f3n y 3 de Febrero, un joven que circulaba en una motocicleta Corven tipo cross roja 125 cc sin casco colision\u00f3 con un autom\u00f3vil Wolksvagen Gol Gris. Esta persona fue trasladada a la [&hellip;]<\/p>\n","protected":false},"author":4,"featured_media":14974,"comment_status":"open","ping_status":"closed","sticky":false,"template":"","format":"standard","meta":{"om_disable_all_campaigns":false,"_jetpack_memberships_contains_paid_content":false,"footnotes":""},"categories":[50,2,103],"tags":[],"class_list":["post-14972","post","type-post","status-publish","format-standard","has-post-thumbnail","hentry","category-destacadas","category-locales","category-policiales-locales"],"aioseo_notices":[],"gutentor_comment":0,"jetpack_featured_media_url":"https:\/\/eldiariodesanpedro.com.ar\/sitio\/wp-content\/uploads\/2017\/02\/IMG_20170218_163439925-e1487446764581.jpg","jetpack_shortlink":"https:\/\/wp.me\/p6RhLt-3Tu","jetpack_sharing_enabled":true,"_links":{"self":[{"href":"https:\/\/eldiariodesanpedro.com.ar\/sitio\/wp-json\/wp\/v2\/posts\/14972","targetHints":{"allow":["GET"]}}],"collection":[{"href":"https:\/\/eldiariodesanpedro.com.ar\/sitio\/wp-json\/wp\/v2\/posts"}],"about":[{"href":"https:\/\/eldiariodesanpedro.com.ar\/sitio\/wp-json\/wp\/v2\/types\/post"}],"author":[{"embeddable":true,"href":"https:\/\/eldiariodesanpedro.com.ar\/sitio\/wp-json\/wp\/v2\/users\/4"}],"replies":[{"embeddable":true,"href":"https:\/\/eldiariodesanpedro.com.ar\/sitio\/wp-json\/wp\/v2\/comments?post=14972"}],"version-history":[{"count":1,"href":"https:\/\/eldiariodesanpedro.com.ar\/sitio\/wp-json\/wp\/v2\/posts\/14972\/revisions"}],"predecessor-version":[{"id":14975,"href":"https:\/\/eldiariodesanpedro.com.ar\/sitio\/wp-json\/wp\/v2\/posts\/14972\/revisions\/14975"}],"wp:featuredmedia":[{"embeddable":true,"href":"https:\/\/eldiariodesanpedro.com.ar\/sitio\/wp-json\/wp\/v2\/media\/14974"}],"wp:attachment":[{"href":"https:\/\/eldiariodesanpedro.com.ar\/sitio\/wp-json\/wp\/v2\/media?parent=14972"}],"wp:term":[{"taxonomy":"category","embeddable":true,"href":"https:\/\/eldiariodesanpedro.com.ar\/sitio\/wp-json\/wp\/v2\/categories?post=14972"},{"taxonomy":"post_tag","embeddable":true,"href":"https:\/\/eldiariodesanpedro.com.ar\/sitio\/wp-json\/wp\/v2\/tags?post=14972"}],"curies":[{"name":"wp","href":"https:\/\/api.w.org\/{rel}","templated":true}]}}