{"id":14969,"date":"2017-02-18T15:29:22","date_gmt":"2017-02-18T18:29:22","guid":{"rendered":"https:\/\/eldiariodesanpedro.com.ar\/sitio\/?p=14969"},"modified":"2017-02-18T15:29:22","modified_gmt":"2017-02-18T18:29:22","slug":"reconstruyendo-los-barrios","status":"publish","type":"post","link":"https:\/\/eldiariodesanpedro.com.ar\/sitio\/reconstruyendo-los-barrios\/","title":{"rendered":"Reconstruyendo los barrios"},"content":{"rendered":"<p><!-- VideographyWP Plugin Message: Automatic video embedding prevented by plugin options. --><br \/>\nEn las \u00faltimas semanas, personal de la Secretar\u00eda de Servicios P\u00fablicos intensific\u00f3 su tarea en los barrios con la intensi\u00f3n de mejorar la calidad de vida de los vecinos brindando mayor seguridad a la hora de transitar.<\/p>\n<p>En esta primera etapa se taparon baches y se coloc\u00f3 material rap para mejorar muchas cuadras del partido. Algunas de las zonas en las que se trabaj\u00f3 son: Barrio La Providencia; acceso a Gobernador Castro; Barrio Atepam donde se repararon 30 cuadras; camino Lucio Mansilla; calle Depietri frente a la Escuela N\u00ba 4 y el Jard\u00edn 902 donde se trabaja de cara al inicio del ciclo lectivo.<\/p>\n<p>Estas tareas se incrementar\u00e1n con el correr de las semanas cuando San Pedro reciba los fondos que destin\u00f3 el Ministerio de Infraestructura para en un principio reparar unas 200 cuadras.<\/p>\n","protected":false},"excerpt":{"rendered":"<p>En las \u00faltimas semanas, personal de la Secretar\u00eda de Servicios P\u00fablicos intensific\u00f3 su tarea en los barrios con la intensi\u00f3n de mejorar la calidad de vida de los vecinos brindando mayor seguridad a la hora de transitar. En esta primera etapa se taparon baches y se coloc\u00f3 material rap para mejorar muchas cuadras del partido. [&hellip;]<\/p>\n","protected":false},"author":4,"featured_media":14970,"comment_status":"open","ping_status":"closed","sticky":false,"template":"","format":"standard","meta":{"om_disable_all_campaigns":false,"_jetpack_memberships_contains_paid_content":false,"footnotes":""},"categories":[50,101,2],"tags":[],"class_list":["post-14969","post","type-post","status-publish","format-standard","has-post-thumbnail","hentry","category-destacadas","category-interes-general-locales","category-locales"],"aioseo_notices":[],"gutentor_comment":0,"jetpack_featured_media_url":"https:\/\/eldiariodesanpedro.com.ar\/sitio\/wp-content\/uploads\/2017\/02\/Escuela4.jpg","jetpack_shortlink":"https:\/\/wp.me\/p6RhLt-3Tr","jetpack_sharing_enabled":true,"_links":{"self":[{"href":"https:\/\/eldiariodesanpedro.com.ar\/sitio\/wp-json\/wp\/v2\/posts\/14969","targetHints":{"allow":["GET"]}}],"collection":[{"href":"https:\/\/eldiariodesanpedro.com.ar\/sitio\/wp-json\/wp\/v2\/posts"}],"about":[{"href":"https:\/\/eldiariodesanpedro.com.ar\/sitio\/wp-json\/wp\/v2\/types\/post"}],"author":[{"embeddable":true,"href":"https:\/\/eldiariodesanpedro.com.ar\/sitio\/wp-json\/wp\/v2\/users\/4"}],"replies":[{"embeddable":true,"href":"https:\/\/eldiariodesanpedro.com.ar\/sitio\/wp-json\/wp\/v2\/comments?post=14969"}],"version-history":[{"count":1,"href":"https:\/\/eldiariodesanpedro.com.ar\/sitio\/wp-json\/wp\/v2\/posts\/14969\/revisions"}],"predecessor-version":[{"id":14971,"href":"https:\/\/eldiariodesanpedro.com.ar\/sitio\/wp-json\/wp\/v2\/posts\/14969\/revisions\/14971"}],"wp:featuredmedia":[{"embeddable":true,"href":"https:\/\/eldiariodesanpedro.com.ar\/sitio\/wp-json\/wp\/v2\/media\/14970"}],"wp:attachment":[{"href":"https:\/\/eldiariodesanpedro.com.ar\/sitio\/wp-json\/wp\/v2\/media?parent=14969"}],"wp:term":[{"taxonomy":"category","embeddable":true,"href":"https:\/\/eldiariodesanpedro.com.ar\/sitio\/wp-json\/wp\/v2\/categories?post=14969"},{"taxonomy":"post_tag","embeddable":true,"href":"https:\/\/eldiariodesanpedro.com.ar\/sitio\/wp-json\/wp\/v2\/tags?post=14969"}],"curies":[{"name":"wp","href":"https:\/\/api.w.org\/{rel}","templated":true}]}}