{"id":14967,"date":"2017-02-18T14:51:44","date_gmt":"2017-02-18T17:51:44","guid":{"rendered":"https:\/\/eldiariodesanpedro.com.ar\/sitio\/?p=14967"},"modified":"2017-02-18T14:51:44","modified_gmt":"2017-02-18T17:51:44","slug":"un-menor-de-edad-provocando-disturbios-frente-a-la-comisaria","status":"publish","type":"post","link":"https:\/\/eldiariodesanpedro.com.ar\/sitio\/un-menor-de-edad-provocando-disturbios-frente-a-la-comisaria\/","title":{"rendered":"Un menor de edad provocando disturbios frente a la comisar\u00eda"},"content":{"rendered":"<p><!-- VideographyWP Plugin Message: Automatic video embedding prevented by plugin options. --><br \/>\nEn la ma\u00f1ana de hoy un joven de 16 a\u00f1os en aparente estado de ebriedad fue aprendido en el predio municipal ubicado frente a la comisar\u00eda. <\/p>\n<p>Este sujeto se encontraba realizando disturbios insultando a viva voz,  iniciando a pelear a cualquier transe\u00fante y adem\u00e1s de golpear los techos de los autom\u00f3viles. <\/p>\n<p>Intervino en la detenci\u00f3n la fiscalia juvenil de San Nicol\u00e1s en turno, momentos despu\u00e9s fue entregado a sus progenitores. <\/p>\n","protected":false},"excerpt":{"rendered":"<p>En la ma\u00f1ana de hoy un joven de 16 a\u00f1os en aparente estado de ebriedad fue aprendido en el predio municipal ubicado frente a la comisar\u00eda. Este sujeto se encontraba realizando disturbios insultando a viva voz, iniciando a pelear a cualquier transe\u00fante y adem\u00e1s de golpear los techos de los autom\u00f3viles. Intervino en la detenci\u00f3n [&hellip;]<\/p>\n","protected":false},"author":4,"featured_media":1378,"comment_status":"open","ping_status":"closed","sticky":false,"template":"","format":"standard","meta":{"om_disable_all_campaigns":false,"_jetpack_memberships_contains_paid_content":false,"footnotes":""},"categories":[2,103],"tags":[],"class_list":["post-14967","post","type-post","status-publish","format-standard","has-post-thumbnail","hentry","category-locales","category-policiales-locales"],"aioseo_notices":[],"gutentor_comment":0,"jetpack_featured_media_url":"https:\/\/eldiariodesanpedro.com.ar\/sitio\/wp-content\/uploads\/2015\/12\/detenido-esposado-620x413.jpg","jetpack_shortlink":"https:\/\/wp.me\/p6RhLt-3Tp","jetpack_sharing_enabled":true,"_links":{"self":[{"href":"https:\/\/eldiariodesanpedro.com.ar\/sitio\/wp-json\/wp\/v2\/posts\/14967","targetHints":{"allow":["GET"]}}],"collection":[{"href":"https:\/\/eldiariodesanpedro.com.ar\/sitio\/wp-json\/wp\/v2\/posts"}],"about":[{"href":"https:\/\/eldiariodesanpedro.com.ar\/sitio\/wp-json\/wp\/v2\/types\/post"}],"author":[{"embeddable":true,"href":"https:\/\/eldiariodesanpedro.com.ar\/sitio\/wp-json\/wp\/v2\/users\/4"}],"replies":[{"embeddable":true,"href":"https:\/\/eldiariodesanpedro.com.ar\/sitio\/wp-json\/wp\/v2\/comments?post=14967"}],"version-history":[{"count":1,"href":"https:\/\/eldiariodesanpedro.com.ar\/sitio\/wp-json\/wp\/v2\/posts\/14967\/revisions"}],"predecessor-version":[{"id":14968,"href":"https:\/\/eldiariodesanpedro.com.ar\/sitio\/wp-json\/wp\/v2\/posts\/14967\/revisions\/14968"}],"wp:featuredmedia":[{"embeddable":true,"href":"https:\/\/eldiariodesanpedro.com.ar\/sitio\/wp-json\/wp\/v2\/media\/1378"}],"wp:attachment":[{"href":"https:\/\/eldiariodesanpedro.com.ar\/sitio\/wp-json\/wp\/v2\/media?parent=14967"}],"wp:term":[{"taxonomy":"category","embeddable":true,"href":"https:\/\/eldiariodesanpedro.com.ar\/sitio\/wp-json\/wp\/v2\/categories?post=14967"},{"taxonomy":"post_tag","embeddable":true,"href":"https:\/\/eldiariodesanpedro.com.ar\/sitio\/wp-json\/wp\/v2\/tags?post=14967"}],"curies":[{"name":"wp","href":"https:\/\/api.w.org\/{rel}","templated":true}]}}