{"id":14964,"date":"2017-02-18T14:35:42","date_gmt":"2017-02-18T17:35:42","guid":{"rendered":"https:\/\/eldiariodesanpedro.com.ar\/sitio\/?p=14964"},"modified":"2017-02-18T14:35:42","modified_gmt":"2017-02-18T17:35:42","slug":"dos-personas-se-encontraban-protagonizando-disturbios-en-la-via-publica","status":"publish","type":"post","link":"https:\/\/eldiariodesanpedro.com.ar\/sitio\/dos-personas-se-encontraban-protagonizando-disturbios-en-la-via-publica\/","title":{"rendered":"Dos personas se encontraban protagonizando disturbios en la v\u00eda p\u00fablica"},"content":{"rendered":"<p><!-- VideographyWP Plugin Message: Automatic video embedding prevented by plugin options. --><br \/>\nEn la ma\u00f1ana de hoy alrededor de las 06:00 hs personal policial detuvo a dos sujetos masculinos mayores de edad en calle Pellegrini y 3 de Febrero quienes se encontraban ocasionando disturbios en estado de ebriedad luego de protagonizar una ri\u00f1a callejera. <\/p>\n<p>Fueron trasladados a la comisar\u00eda local donde se le labrar\u00f3n las actas contravencionales con intervenci\u00f3n del juzgado de paz de San Pedro <\/p>\n","protected":false},"excerpt":{"rendered":"<p>En la ma\u00f1ana de hoy alrededor de las 06:00 hs personal policial detuvo a dos sujetos masculinos mayores de edad en calle Pellegrini y 3 de Febrero quienes se encontraban ocasionando disturbios en estado de ebriedad luego de protagonizar una ri\u00f1a callejera. Fueron trasladados a la comisar\u00eda local donde se le labrar\u00f3n las actas contravencionales [&hellip;]<\/p>\n","protected":false},"author":4,"featured_media":2518,"comment_status":"open","ping_status":"closed","sticky":false,"template":"","format":"standard","meta":{"om_disable_all_campaigns":false,"_jetpack_memberships_contains_paid_content":false,"footnotes":""},"categories":[2,103],"tags":[],"class_list":["post-14964","post","type-post","status-publish","format-standard","has-post-thumbnail","hentry","category-locales","category-policiales-locales"],"aioseo_notices":[],"gutentor_comment":0,"jetpack_featured_media_url":"https:\/\/eldiariodesanpedro.com.ar\/sitio\/wp-content\/uploads\/2016\/03\/detenidos.jpg","jetpack_shortlink":"https:\/\/wp.me\/p6RhLt-3Tm","jetpack_sharing_enabled":true,"_links":{"self":[{"href":"https:\/\/eldiariodesanpedro.com.ar\/sitio\/wp-json\/wp\/v2\/posts\/14964","targetHints":{"allow":["GET"]}}],"collection":[{"href":"https:\/\/eldiariodesanpedro.com.ar\/sitio\/wp-json\/wp\/v2\/posts"}],"about":[{"href":"https:\/\/eldiariodesanpedro.com.ar\/sitio\/wp-json\/wp\/v2\/types\/post"}],"author":[{"embeddable":true,"href":"https:\/\/eldiariodesanpedro.com.ar\/sitio\/wp-json\/wp\/v2\/users\/4"}],"replies":[{"embeddable":true,"href":"https:\/\/eldiariodesanpedro.com.ar\/sitio\/wp-json\/wp\/v2\/comments?post=14964"}],"version-history":[{"count":1,"href":"https:\/\/eldiariodesanpedro.com.ar\/sitio\/wp-json\/wp\/v2\/posts\/14964\/revisions"}],"predecessor-version":[{"id":14965,"href":"https:\/\/eldiariodesanpedro.com.ar\/sitio\/wp-json\/wp\/v2\/posts\/14964\/revisions\/14965"}],"wp:featuredmedia":[{"embeddable":true,"href":"https:\/\/eldiariodesanpedro.com.ar\/sitio\/wp-json\/wp\/v2\/media\/2518"}],"wp:attachment":[{"href":"https:\/\/eldiariodesanpedro.com.ar\/sitio\/wp-json\/wp\/v2\/media?parent=14964"}],"wp:term":[{"taxonomy":"category","embeddable":true,"href":"https:\/\/eldiariodesanpedro.com.ar\/sitio\/wp-json\/wp\/v2\/categories?post=14964"},{"taxonomy":"post_tag","embeddable":true,"href":"https:\/\/eldiariodesanpedro.com.ar\/sitio\/wp-json\/wp\/v2\/tags?post=14964"}],"curies":[{"name":"wp","href":"https:\/\/api.w.org\/{rel}","templated":true}]}}