{"id":14962,"date":"2017-02-18T13:20:12","date_gmt":"2017-02-18T16:20:12","guid":{"rendered":"https:\/\/eldiariodesanpedro.com.ar\/sitio\/?p=14962"},"modified":"2017-02-18T13:20:41","modified_gmt":"2017-02-18T16:20:41","slug":"un-joven-rompio-la-vidriera-de-una-inmobiliaria","status":"publish","type":"post","link":"https:\/\/eldiariodesanpedro.com.ar\/sitio\/un-joven-rompio-la-vidriera-de-una-inmobiliaria\/","title":{"rendered":"Un joven rompi\u00f3 la vidriera de una inmobiliaria"},"content":{"rendered":"<p><!-- VideographyWP Plugin Message: Automatic video embedding prevented by plugin options. --><br \/>\nEn la madrugada de hoy alrededor de las 05:30 hs, personal policial aprehendio a un joven de 20 a\u00f1os de edad quien momentos antes hab\u00eda roto la vidriera de la Inmobiliaria Tonelli ubicada en la esquina de Mitre y San Mart\u00edn,  momentos despu\u00e9s d\u00e1ndose a la fuga en direcci\u00f3n a la avenida 11 de septiembre donde fue interceptado, este joven fue trasladado a la comisar\u00eda local y puesto a disposici\u00f3n de la UFI N\u00b07<\/p>\n","protected":false},"excerpt":{"rendered":"<p>En la madrugada de hoy alrededor de las 05:30 hs, personal policial aprehendio a un joven de 20 a\u00f1os de edad quien momentos antes hab\u00eda roto la vidriera de la Inmobiliaria Tonelli ubicada en la esquina de Mitre y San Mart\u00edn, momentos despu\u00e9s d\u00e1ndose a la fuga en direcci\u00f3n a la avenida 11 de septiembre [&hellip;]<\/p>\n","protected":false},"author":4,"featured_media":13371,"comment_status":"open","ping_status":"closed","sticky":false,"template":"","format":"standard","meta":{"om_disable_all_campaigns":false,"_jetpack_memberships_contains_paid_content":false,"footnotes":""},"categories":[2,103],"tags":[],"class_list":["post-14962","post","type-post","status-publish","format-standard","has-post-thumbnail","hentry","category-locales","category-policiales-locales"],"aioseo_notices":[],"gutentor_comment":0,"jetpack_featured_media_url":"https:\/\/eldiariodesanpedro.com.ar\/sitio\/wp-content\/uploads\/2017\/01\/Patrulla-3-e1485286104708.jpg","jetpack_shortlink":"https:\/\/wp.me\/p6RhLt-3Tk","jetpack_sharing_enabled":true,"_links":{"self":[{"href":"https:\/\/eldiariodesanpedro.com.ar\/sitio\/wp-json\/wp\/v2\/posts\/14962","targetHints":{"allow":["GET"]}}],"collection":[{"href":"https:\/\/eldiariodesanpedro.com.ar\/sitio\/wp-json\/wp\/v2\/posts"}],"about":[{"href":"https:\/\/eldiariodesanpedro.com.ar\/sitio\/wp-json\/wp\/v2\/types\/post"}],"author":[{"embeddable":true,"href":"https:\/\/eldiariodesanpedro.com.ar\/sitio\/wp-json\/wp\/v2\/users\/4"}],"replies":[{"embeddable":true,"href":"https:\/\/eldiariodesanpedro.com.ar\/sitio\/wp-json\/wp\/v2\/comments?post=14962"}],"version-history":[{"count":1,"href":"https:\/\/eldiariodesanpedro.com.ar\/sitio\/wp-json\/wp\/v2\/posts\/14962\/revisions"}],"predecessor-version":[{"id":14963,"href":"https:\/\/eldiariodesanpedro.com.ar\/sitio\/wp-json\/wp\/v2\/posts\/14962\/revisions\/14963"}],"wp:featuredmedia":[{"embeddable":true,"href":"https:\/\/eldiariodesanpedro.com.ar\/sitio\/wp-json\/wp\/v2\/media\/13371"}],"wp:attachment":[{"href":"https:\/\/eldiariodesanpedro.com.ar\/sitio\/wp-json\/wp\/v2\/media?parent=14962"}],"wp:term":[{"taxonomy":"category","embeddable":true,"href":"https:\/\/eldiariodesanpedro.com.ar\/sitio\/wp-json\/wp\/v2\/categories?post=14962"},{"taxonomy":"post_tag","embeddable":true,"href":"https:\/\/eldiariodesanpedro.com.ar\/sitio\/wp-json\/wp\/v2\/tags?post=14962"}],"curies":[{"name":"wp","href":"https:\/\/api.w.org\/{rel}","templated":true}]}}