{"id":14951,"date":"2017-02-17T21:35:37","date_gmt":"2017-02-18T00:35:37","guid":{"rendered":"https:\/\/eldiariodesanpedro.com.ar\/sitio\/?p=14951"},"modified":"2026-01-24T00:31:01","modified_gmt":"2026-01-24T03:31:01","slug":"futbol-local-el-diario-les-adelanta-el-programa-de-partidos-del-futbol-local-que-comenzara-el-11-y-12-de-marzo","status":"publish","type":"post","link":"https:\/\/eldiariodesanpedro.com.ar\/sitio\/futbol-local-el-diario-les-adelanta-el-programa-de-partidos-del-futbol-local-que-comenzara-el-11-y-12-de-marzo\/","title":{"rendered":"F\u00daTBOL LOCAL: El Diario les adelanta el programa de partidos del f\u00fatbol local que comenzar\u00e1 el 11 y 12 de marzo"},"content":{"rendered":"<p><!-- VideographyWP Plugin Message: Automatic video embedding prevented by plugin options. --><br \/>\nEl siguiente es el mixture del torneo Apertura y Clausura 2017 que organiza la Liga deportiva Sampedrina.<\/p>\n<p><a href=\"https:\/\/eldiariodesanpedro.com.ar\/sitio\/wp-content\/uploads\/2017\/02\/fixture-info-18-02-2017.jpg\"><img decoding=\"async\" data-attachment-id=\"14954\" data-permalink=\"https:\/\/eldiariodesanpedro.com.ar\/sitio\/futbol-local-el-diario-les-adelanta-el-programa-de-partidos-del-futbol-local-que-comenzara-el-11-y-12-de-marzo\/fixture-info-18-02-2017\/\" data-orig-file=\"https:\/\/eldiariodesanpedro.com.ar\/sitio\/wp-content\/uploads\/2017\/02\/fixture-info-18-02-2017.jpg\" data-orig-size=\"698,1339\" data-comments-opened=\"1\" data-image-meta=\"{&quot;aperture&quot;:&quot;0&quot;,&quot;credit&quot;:&quot;Fernando Bettendorff&quot;,&quot;camera&quot;:&quot;&quot;,&quot;caption&quot;:&quot;&quot;,&quot;created_timestamp&quot;:&quot;1487367231&quot;,&quot;copyright&quot;:&quot;&quot;,&quot;focal_length&quot;:&quot;0&quot;,&quot;iso&quot;:&quot;0&quot;,&quot;shutter_speed&quot;:&quot;0&quot;,&quot;title&quot;:&quot;&quot;,&quot;orientation&quot;:&quot;0&quot;}\" data-image-title=\"fixture info 18-02-2017\" data-image-description=\"\" data-image-caption=\"\" data-large-file=\"https:\/\/eldiariodesanpedro.com.ar\/sitio\/wp-content\/uploads\/2017\/02\/fixture-info-18-02-2017-534x1024.jpg\" data-src=\"https:\/\/eldiariodesanpedro.com.ar\/sitio\/wp-content\/uploads\/2017\/02\/fixture-info-18-02-2017-156x300.jpg\" alt=\"\" width=\"156\" height=\"300\" class=\"alignnone size-medium wp-image-14954 lazyload\" data-srcset=\"https:\/\/eldiariodesanpedro.com.ar\/sitio\/wp-content\/uploads\/2017\/02\/fixture-info-18-02-2017-156x300.jpg 156w, https:\/\/eldiariodesanpedro.com.ar\/sitio\/wp-content\/uploads\/2017\/02\/fixture-info-18-02-2017-534x1024.jpg 534w, https:\/\/eldiariodesanpedro.com.ar\/sitio\/wp-content\/uploads\/2017\/02\/fixture-info-18-02-2017.jpg 698w\" data-sizes=\"(max-width: 156px) 100vw, 156px\" src=\"data:image\/svg+xml;base64,PHN2ZyB3aWR0aD0iMSIgaGVpZ2h0PSIxIiB4bWxucz0iaHR0cDovL3d3dy53My5vcmcvMjAwMC9zdmciPjwvc3ZnPg==\" style=\"--smush-placeholder-width: 156px; --smush-placeholder-aspect-ratio: 156\/300;\" \/><\/a><\/p>\n","protected":false},"excerpt":{"rendered":"<p>El siguiente es el mixture del torneo Apertura y Clausura 2017 que organiza la Liga deportiva Sampedrina.<\/p>\n","protected":false},"author":4,"featured_media":11060,"comment_status":"open","ping_status":"closed","sticky":false,"template":"","format":"standard","meta":{"om_disable_all_campaigns":false,"_jetpack_memberships_contains_paid_content":false,"footnotes":""},"categories":[5],"tags":[],"class_list":["post-14951","post","type-post","status-publish","format-standard","has-post-thumbnail","hentry","category-deportes"],"aioseo_notices":[],"gutentor_comment":0,"jetpack_featured_media_url":"https:\/\/eldiariodesanpedro.com.ar\/sitio\/wp-content\/uploads\/2016\/12\/futbol-5.jpg","jetpack_shortlink":"https:\/\/wp.me\/p6RhLt-3T9","jetpack_sharing_enabled":true,"_links":{"self":[{"href":"https:\/\/eldiariodesanpedro.com.ar\/sitio\/wp-json\/wp\/v2\/posts\/14951","targetHints":{"allow":["GET"]}}],"collection":[{"href":"https:\/\/eldiariodesanpedro.com.ar\/sitio\/wp-json\/wp\/v2\/posts"}],"about":[{"href":"https:\/\/eldiariodesanpedro.com.ar\/sitio\/wp-json\/wp\/v2\/types\/post"}],"author":[{"embeddable":true,"href":"https:\/\/eldiariodesanpedro.com.ar\/sitio\/wp-json\/wp\/v2\/users\/4"}],"replies":[{"embeddable":true,"href":"https:\/\/eldiariodesanpedro.com.ar\/sitio\/wp-json\/wp\/v2\/comments?post=14951"}],"version-history":[{"count":1,"href":"https:\/\/eldiariodesanpedro.com.ar\/sitio\/wp-json\/wp\/v2\/posts\/14951\/revisions"}],"predecessor-version":[{"id":14955,"href":"https:\/\/eldiariodesanpedro.com.ar\/sitio\/wp-json\/wp\/v2\/posts\/14951\/revisions\/14955"}],"wp:featuredmedia":[{"embeddable":true,"href":"https:\/\/eldiariodesanpedro.com.ar\/sitio\/wp-json\/wp\/v2\/media\/11060"}],"wp:attachment":[{"href":"https:\/\/eldiariodesanpedro.com.ar\/sitio\/wp-json\/wp\/v2\/media?parent=14951"}],"wp:term":[{"taxonomy":"category","embeddable":true,"href":"https:\/\/eldiariodesanpedro.com.ar\/sitio\/wp-json\/wp\/v2\/categories?post=14951"},{"taxonomy":"post_tag","embeddable":true,"href":"https:\/\/eldiariodesanpedro.com.ar\/sitio\/wp-json\/wp\/v2\/tags?post=14951"}],"curies":[{"name":"wp","href":"https:\/\/api.w.org\/{rel}","templated":true}]}}