{"id":149369,"date":"2026-03-31T11:47:45","date_gmt":"2026-03-31T14:47:45","guid":{"rendered":"https:\/\/eldiariodesanpedro.com.ar\/sitio\/?p=149369"},"modified":"2026-03-31T11:47:48","modified_gmt":"2026-03-31T14:47:48","slug":"amenazo-a-un-empleado-dentro-de-una-distribuidora-y-termino-trasladado-por-la-policia","status":"publish","type":"post","link":"https:\/\/eldiariodesanpedro.com.ar\/sitio\/amenazo-a-un-empleado-dentro-de-una-distribuidora-y-termino-trasladado-por-la-policia\/","title":{"rendered":"Amenaz\u00f3 a un empleado dentro de una distribuidora y termin\u00f3 trasladado por la polic\u00eda"},"content":{"rendered":"<!-- VideographyWP Plugin Message: Automatic video embedding prevented by plugin options. -->\n\n<p>Un hombre de 35 a\u00f1os fue trasladado por la polic\u00eda tras <strong>proferir amenazas contra un empleado<\/strong> en una distribuidora, en medio de un conflicto previo.<\/p>\n\n\n\n<p>En las \u00faltimas horas, personal policial intervino tras un llamado al 911 que alertaba sobre un individuo que se encontraba <strong>vociferando amenazas en una distribuidora ubicada en calle Bonorino al 175<\/strong>.<\/p>\n\n\n\n<p>Al llegar al lugar, los efectivos constataron la presencia de un <strong>hombre de 35 a\u00f1os<\/strong>, quien estaba alterado y <strong>amenazaba a un empleado de 25 a\u00f1os<\/strong>, que trabaja en el comercio.<\/p>\n\n\n\n<p>De acuerdo a la informaci\u00f3n recabada, el conflicto tendr\u00eda origen en una situaci\u00f3n previa, ya que el individuo que ingres\u00f3 al local <strong>hab\u00eda denunciado anteriormente al empleado por un presunto hecho de abuso sexual<\/strong>, lo que habr\u00eda desencadenado el episodio.<\/p>\n\n\n\n<p>Ante esta situaci\u00f3n y con el objetivo de <strong>evitar una escalada del conflicto<\/strong>, el personal policial procedi\u00f3 al <strong>traslado del sujeto a la dependencia<\/strong>, donde se iniciaron las actuaciones correspondientes.<\/p>\n\n\n\n<p>La causa qued\u00f3 en manos de la <strong>UFI N\u00b0 07<\/strong>, que deber\u00e1 determinar las medidas a seguir en el marco de la investigaci\u00f3n.<\/p>\n\n\n\n<p>#Policiales #Amenazas #SanPedro #Inseguridad #Policia #Justicia #Conflicto #UFI07<\/p>\n\n\n<div class=\"wp-block-image\">\n<figure class=\"aligncenter size-full\"><img decoding=\"async\" width=\"370\" height=\"491\" data-attachment-id=\"149371\" data-permalink=\"https:\/\/eldiariodesanpedro.com.ar\/sitio\/amenazo-a-un-empleado-dentro-de-una-distribuidora-y-termino-trasladado-por-la-policia\/4-129\/\" data-orig-file=\"https:\/\/eldiariodesanpedro.com.ar\/sitio\/wp-content\/uploads\/2026\/03\/4-3.jpg\" data-orig-size=\"370,491\" data-comments-opened=\"0\" data-image-meta=\"{&quot;aperture&quot;:&quot;0&quot;,&quot;credit&quot;:&quot;&quot;,&quot;camera&quot;:&quot;&quot;,&quot;caption&quot;:&quot;&quot;,&quot;created_timestamp&quot;:&quot;0&quot;,&quot;copyright&quot;:&quot;&quot;,&quot;focal_length&quot;:&quot;0&quot;,&quot;iso&quot;:&quot;0&quot;,&quot;shutter_speed&quot;:&quot;0&quot;,&quot;title&quot;:&quot;&quot;,&quot;orientation&quot;:&quot;0&quot;}\" data-image-title=\"4\" data-image-description=\"\" data-image-caption=\"\" data-large-file=\"https:\/\/eldiariodesanpedro.com.ar\/sitio\/wp-content\/uploads\/2026\/03\/4-3.jpg\" data-src=\"https:\/\/eldiariodesanpedro.com.ar\/sitio\/wp-content\/uploads\/2026\/03\/4-3.jpg\" alt=\"\" class=\"wp-image-149371 lazyload\" data-srcset=\"https:\/\/eldiariodesanpedro.com.ar\/sitio\/wp-content\/uploads\/2026\/03\/4-3.jpg 370w, https:\/\/eldiariodesanpedro.com.ar\/sitio\/wp-content\/uploads\/2026\/03\/4-3-226x300.jpg 226w\" data-sizes=\"(max-width: 370px) 100vw, 370px\" src=\"data:image\/svg+xml;base64,PHN2ZyB3aWR0aD0iMSIgaGVpZ2h0PSIxIiB4bWxucz0iaHR0cDovL3d3dy53My5vcmcvMjAwMC9zdmciPjwvc3ZnPg==\" style=\"--smush-placeholder-width: 370px; --smush-placeholder-aspect-ratio: 370\/491;\" \/><\/figure>\n<\/div>","protected":false},"excerpt":{"rendered":"<p>Un hombre de 35 a\u00f1os fue trasladado por la polic\u00eda tras proferir amenazas contra un empleado en una distribuidora, en medio de un conflicto previo. En las \u00faltimas horas, personal policial intervino tras un llamado al 911 que alertaba sobre un individuo que se encontraba vociferando amenazas en una distribuidora ubicada en calle Bonorino al [&hellip;]<\/p>\n","protected":false},"author":4,"featured_media":149370,"comment_status":"closed","ping_status":"closed","sticky":false,"template":"","format":"standard","meta":{"om_disable_all_campaigns":false,"_jetpack_memberships_contains_paid_content":false,"footnotes":""},"categories":[2,103],"tags":[9704,9705,9703,9702,9706,7260],"class_list":["post-149369","post","type-post","status-publish","format-standard","has-post-thumbnail","hentry","category-locales","category-policiales-locales","tag-amenazas-en-distribuidora","tag-caso-ufi-07","tag-conflicto-laboral-denuncia-abuso","tag-hombre-trasladado-por-amenazas","tag-incidente-en-comercio-bonorino","tag-intervencion-policial-san-pedro"],"aioseo_notices":[],"gutentor_comment":0,"jetpack_featured_media_url":"https:\/\/eldiariodesanpedro.com.ar\/sitio\/wp-content\/uploads\/2026\/03\/medida-3-1.jpg","jetpack_shortlink":"https:\/\/wp.me\/p6RhLt-CRb","jetpack_sharing_enabled":true,"_links":{"self":[{"href":"https:\/\/eldiariodesanpedro.com.ar\/sitio\/wp-json\/wp\/v2\/posts\/149369","targetHints":{"allow":["GET"]}}],"collection":[{"href":"https:\/\/eldiariodesanpedro.com.ar\/sitio\/wp-json\/wp\/v2\/posts"}],"about":[{"href":"https:\/\/eldiariodesanpedro.com.ar\/sitio\/wp-json\/wp\/v2\/types\/post"}],"author":[{"embeddable":true,"href":"https:\/\/eldiariodesanpedro.com.ar\/sitio\/wp-json\/wp\/v2\/users\/4"}],"replies":[{"embeddable":true,"href":"https:\/\/eldiariodesanpedro.com.ar\/sitio\/wp-json\/wp\/v2\/comments?post=149369"}],"version-history":[{"count":1,"href":"https:\/\/eldiariodesanpedro.com.ar\/sitio\/wp-json\/wp\/v2\/posts\/149369\/revisions"}],"predecessor-version":[{"id":149372,"href":"https:\/\/eldiariodesanpedro.com.ar\/sitio\/wp-json\/wp\/v2\/posts\/149369\/revisions\/149372"}],"wp:featuredmedia":[{"embeddable":true,"href":"https:\/\/eldiariodesanpedro.com.ar\/sitio\/wp-json\/wp\/v2\/media\/149370"}],"wp:attachment":[{"href":"https:\/\/eldiariodesanpedro.com.ar\/sitio\/wp-json\/wp\/v2\/media?parent=149369"}],"wp:term":[{"taxonomy":"category","embeddable":true,"href":"https:\/\/eldiariodesanpedro.com.ar\/sitio\/wp-json\/wp\/v2\/categories?post=149369"},{"taxonomy":"post_tag","embeddable":true,"href":"https:\/\/eldiariodesanpedro.com.ar\/sitio\/wp-json\/wp\/v2\/tags?post=149369"}],"curies":[{"name":"wp","href":"https:\/\/api.w.org\/{rel}","templated":true}]}}