{"id":14935,"date":"2017-02-17T21:14:37","date_gmt":"2017-02-18T00:14:37","guid":{"rendered":"https:\/\/eldiariodesanpedro.com.ar\/sitio\/?p=14935"},"modified":"2017-02-17T21:14:37","modified_gmt":"2017-02-18T00:14:37","slug":"villa-ramallo-celebrara-un-nuevo-aniversario-el-domingo-proximo","status":"publish","type":"post","link":"https:\/\/eldiariodesanpedro.com.ar\/sitio\/villa-ramallo-celebrara-un-nuevo-aniversario-el-domingo-proximo\/","title":{"rendered":"Villa Ramallo celebrar\u00e1 un nuevo aniversario el domingo pr\u00f3ximo"},"content":{"rendered":"<p><!-- VideographyWP Plugin Message: Automatic video embedding prevented by plugin options. --><br \/>\nCon motivo de celebrar el 131\u00b0 aniversario de la localidad, habr\u00e1 actividades, exposiciones, shows musicales y peatonal. La jornada hab\u00eda sido suspendida el fin de semana del 4 y 5 de febrero por las lluvias.<\/p>\n<p>El programa est\u00e1 conformado del siguiente modo:<\/p>\n<p>19.00: Apertura paseo peatonal (Av. San Mart\u00edn, entre Dr. Bonfiglio e Ingeniero Iribas)<br \/>\n19.30: Exposici\u00f3n homenaje a Cristina Benedetti (Auditorio Libertador)<br \/>\n20.00: Shows sobre escenario en Av. San Mart\u00edn y M. Panno: Ballet Horizonte, Uriel Gim\u00e9nez, Nieves Charovsky, Los Payucas, La Encontrada, La Fusi\u00f3n, Huitral.<\/p>\n<p>Tambi\u00e9n tomar\u00e1n la palabra las autoridades municipales y habr\u00e1 reconocimientos  a deportistas locales.<br \/>\nSe suspende por lluvia. (www.metafm.com.ar)<\/p>\n","protected":false},"excerpt":{"rendered":"<p>Con motivo de celebrar el 131\u00b0 aniversario de la localidad, habr\u00e1 actividades, exposiciones, shows musicales y peatonal. La jornada hab\u00eda sido suspendida el fin de semana del 4 y 5 de febrero por las lluvias. El programa est\u00e1 conformado del siguiente modo: 19.00: Apertura paseo peatonal (Av. San Mart\u00edn, entre Dr. Bonfiglio e Ingeniero Iribas) [&hellip;]<\/p>\n","protected":false},"author":4,"featured_media":14936,"comment_status":"open","ping_status":"closed","sticky":false,"template":"","format":"standard","meta":{"om_disable_all_campaigns":false,"_jetpack_memberships_contains_paid_content":false,"footnotes":""},"categories":[621],"tags":[],"class_list":["post-14935","post","type-post","status-publish","format-standard","has-post-thumbnail","hentry","category-regionales"],"aioseo_notices":[],"gutentor_comment":0,"jetpack_featured_media_url":"https:\/\/eldiariodesanpedro.com.ar\/sitio\/wp-content\/uploads\/2017\/02\/Villa-Ramallo-celebrar\u00e1-un-nuevo-aniversario.jpg","jetpack_shortlink":"https:\/\/wp.me\/p6RhLt-3ST","jetpack_sharing_enabled":true,"_links":{"self":[{"href":"https:\/\/eldiariodesanpedro.com.ar\/sitio\/wp-json\/wp\/v2\/posts\/14935","targetHints":{"allow":["GET"]}}],"collection":[{"href":"https:\/\/eldiariodesanpedro.com.ar\/sitio\/wp-json\/wp\/v2\/posts"}],"about":[{"href":"https:\/\/eldiariodesanpedro.com.ar\/sitio\/wp-json\/wp\/v2\/types\/post"}],"author":[{"embeddable":true,"href":"https:\/\/eldiariodesanpedro.com.ar\/sitio\/wp-json\/wp\/v2\/users\/4"}],"replies":[{"embeddable":true,"href":"https:\/\/eldiariodesanpedro.com.ar\/sitio\/wp-json\/wp\/v2\/comments?post=14935"}],"version-history":[{"count":1,"href":"https:\/\/eldiariodesanpedro.com.ar\/sitio\/wp-json\/wp\/v2\/posts\/14935\/revisions"}],"predecessor-version":[{"id":14937,"href":"https:\/\/eldiariodesanpedro.com.ar\/sitio\/wp-json\/wp\/v2\/posts\/14935\/revisions\/14937"}],"wp:featuredmedia":[{"embeddable":true,"href":"https:\/\/eldiariodesanpedro.com.ar\/sitio\/wp-json\/wp\/v2\/media\/14936"}],"wp:attachment":[{"href":"https:\/\/eldiariodesanpedro.com.ar\/sitio\/wp-json\/wp\/v2\/media?parent=14935"}],"wp:term":[{"taxonomy":"category","embeddable":true,"href":"https:\/\/eldiariodesanpedro.com.ar\/sitio\/wp-json\/wp\/v2\/categories?post=14935"},{"taxonomy":"post_tag","embeddable":true,"href":"https:\/\/eldiariodesanpedro.com.ar\/sitio\/wp-json\/wp\/v2\/tags?post=14935"}],"curies":[{"name":"wp","href":"https:\/\/api.w.org\/{rel}","templated":true}]}}