{"id":14932,"date":"2017-02-17T21:10:01","date_gmt":"2017-02-18T00:10:01","guid":{"rendered":"https:\/\/eldiariodesanpedro.com.ar\/sitio\/?p=14932"},"modified":"2017-02-17T21:10:01","modified_gmt":"2017-02-18T00:10:01","slug":"zarate-el-comando-de-patrulla-rural-detuvo-a-peligroso-narcotraficante-con-captura-internacional","status":"publish","type":"post","link":"https:\/\/eldiariodesanpedro.com.ar\/sitio\/zarate-el-comando-de-patrulla-rural-detuvo-a-peligroso-narcotraficante-con-captura-internacional\/","title":{"rendered":"Z\u00c1RATE: El Comando de Patrulla Rural detuvo a peligroso narcotraficante con captura internacional"},"content":{"rendered":"<p><!-- VideographyWP Plugin Message: Automatic video embedding prevented by plugin options. --><br \/>\nEl Comando Patrulla Rural de Z\u00e1rate detuvo este mi\u00e9rcoles a un sujeto de 42 a\u00f1os sobre el que pesaba un pedido de captura internacional por narcotr\u00e1fico desde el Tribunal Oral Federal de San Luis.<\/p>\n<p>Mario Jos\u00e9 Oliva de 42 a\u00f1os estaba pr\u00f3fugo de la justicia desde 2014, cuando le fue librado un pedido de captura internacional por el Tribunal Oral Federal de San Luis, por estar involucrado en causas de narcotr\u00e1fico (infracci\u00f3n a la Ley 23.737).<\/p>\n<p>En horas de la tarde de este mi\u00e9rcoles, personal del Comando de Patrulla Rural, a cargo del Subcrio. Daniel Aste, con el apoyo del Comando de Patrulla Z\u00e1rate, intercept\u00f3 a un sujeto que circulaba en una motocicleta sin patente. El hecho sucedi\u00f3 a la altura del km. 113 de ruta Panamericana y el individuo intent\u00f3 evadir la presencia policial en actitud sospechosa.<\/p>\n<p>El rodado ten\u00eda adulterado la numeraci\u00f3n del motor y all\u00ed se constat\u00f3 que quien lo conduc\u00eda era el peligroso narcotraficante buscado a nivel internacional.<\/p>\n<p>Estaba oculto trabajando como sereno en un establecimiento rural de la inmediaciones. \u201cTen\u00edamos la informaci\u00f3n que el evadido pod\u00eda estar en Z\u00e1rate o en Campana\u201d, le se\u00f1al\u00f3 el Sbcrio. Aste a Enlace Cr\u00edtico.<\/p>\n<p>Por su parte, consultado el Subsecretario de Seguridad Ciudadana, Gast\u00f3n Otero, manifest\u00f3, \u201cquiero hacer p\u00fablicas mis felicitaciones al Subcrio. Aste, jefe de la Polic\u00eda Rural, por su tarea, una muestra m\u00e1s de su compromiso desde su arribo al Distrito, habiendo entendido cuales son las necesidades de la zona\u201d.<\/p>\n<p>Oliva, preventivamente, fue alojado en la Comisar\u00eda de Lima y este jueves ser\u00e1 trasladado bajo la custodia de efectivos especializados a Z\u00e1rate. (Enlace Cr\u00edtico)<\/p>\n","protected":false},"excerpt":{"rendered":"<p>El Comando Patrulla Rural de Z\u00e1rate detuvo este mi\u00e9rcoles a un sujeto de 42 a\u00f1os sobre el que pesaba un pedido de captura internacional por narcotr\u00e1fico desde el Tribunal Oral Federal de San Luis. Mario Jos\u00e9 Oliva de 42 a\u00f1os estaba pr\u00f3fugo de la justicia desde 2014, cuando le fue librado un pedido de captura [&hellip;]<\/p>\n","protected":false},"author":4,"featured_media":14933,"comment_status":"open","ping_status":"closed","sticky":false,"template":"","format":"standard","meta":{"om_disable_all_campaigns":false,"_jetpack_memberships_contains_paid_content":false,"footnotes":""},"categories":[621],"tags":[],"class_list":["post-14932","post","type-post","status-publish","format-standard","has-post-thumbnail","hentry","category-regionales"],"aioseo_notices":[],"gutentor_comment":0,"jetpack_featured_media_url":"https:\/\/eldiariodesanpedro.com.ar\/sitio\/wp-content\/uploads\/2017\/02\/Detenido-2.jpg","jetpack_shortlink":"https:\/\/wp.me\/p6RhLt-3SQ","jetpack_sharing_enabled":true,"_links":{"self":[{"href":"https:\/\/eldiariodesanpedro.com.ar\/sitio\/wp-json\/wp\/v2\/posts\/14932","targetHints":{"allow":["GET"]}}],"collection":[{"href":"https:\/\/eldiariodesanpedro.com.ar\/sitio\/wp-json\/wp\/v2\/posts"}],"about":[{"href":"https:\/\/eldiariodesanpedro.com.ar\/sitio\/wp-json\/wp\/v2\/types\/post"}],"author":[{"embeddable":true,"href":"https:\/\/eldiariodesanpedro.com.ar\/sitio\/wp-json\/wp\/v2\/users\/4"}],"replies":[{"embeddable":true,"href":"https:\/\/eldiariodesanpedro.com.ar\/sitio\/wp-json\/wp\/v2\/comments?post=14932"}],"version-history":[{"count":1,"href":"https:\/\/eldiariodesanpedro.com.ar\/sitio\/wp-json\/wp\/v2\/posts\/14932\/revisions"}],"predecessor-version":[{"id":14934,"href":"https:\/\/eldiariodesanpedro.com.ar\/sitio\/wp-json\/wp\/v2\/posts\/14932\/revisions\/14934"}],"wp:featuredmedia":[{"embeddable":true,"href":"https:\/\/eldiariodesanpedro.com.ar\/sitio\/wp-json\/wp\/v2\/media\/14933"}],"wp:attachment":[{"href":"https:\/\/eldiariodesanpedro.com.ar\/sitio\/wp-json\/wp\/v2\/media?parent=14932"}],"wp:term":[{"taxonomy":"category","embeddable":true,"href":"https:\/\/eldiariodesanpedro.com.ar\/sitio\/wp-json\/wp\/v2\/categories?post=14932"},{"taxonomy":"post_tag","embeddable":true,"href":"https:\/\/eldiariodesanpedro.com.ar\/sitio\/wp-json\/wp\/v2\/tags?post=14932"}],"curies":[{"name":"wp","href":"https:\/\/api.w.org\/{rel}","templated":true}]}}