{"id":14925,"date":"2017-02-17T21:06:07","date_gmt":"2017-02-18T00:06:07","guid":{"rendered":"https:\/\/eldiariodesanpedro.com.ar\/sitio\/?p=14925"},"modified":"2017-02-17T21:06:07","modified_gmt":"2017-02-18T00:06:07","slug":"baradero-germaiz-se-reactivara-por-sectores","status":"publish","type":"post","link":"https:\/\/eldiariodesanpedro.com.ar\/sitio\/baradero-germaiz-se-reactivara-por-sectores\/","title":{"rendered":"BARADERO: Germa\u00edz se reactivar\u00e1 por sectores"},"content":{"rendered":"<p><!-- VideographyWP Plugin Message: Automatic video embedding prevented by plugin options. --><br \/>\nA fines de la semana pasada el sindicato aceitero se reuni\u00f3 con el nuevo presidente de Germa\u00edz, Mart\u00edn Demierre, en las oficinas de la empresa ubicadas en Capital Federal.<\/p>\n<p>A los trabajadores se les deben 10 meses de salario m\u00e1s aguinaldo y exigen que se les respete la antig\u00fcedad. En mayo de 2016 debido a la insolvencia de la empresa, Germa\u00edz S.A. lleg\u00f3 a un Concurso de Acreedores.<\/p>\n<p>La m\u00e1xima autoridad indic\u00f3 que la planta Baradero comenzar\u00e1 a reactivarse por sectores y en una primera tanda ingresar\u00eda casi la mitad de los obreros y de a poco se reintegrar\u00e1n los dem\u00e1s. Esto se debe a que la aceitera estuvo casi un a\u00f1o sin actividad y lo primero que deben realizar es la limpieza y tareas de mantenimiento en las instalaciones y maquinarias.<\/p>\n<p>Rub\u00e9n Dar\u00edo Gonz\u00e1lez, delegado de Germa\u00edz expres\u00f3 en Tu Radio 105.7 lo siguiente:<\/p>\n<p>\u201cEl nuevo director quiere reactivar por sectores y nosotros queremos que entren todos los empleados. Estamos dispuestos a ayudar en lo que necesitan para reactivar la empresa\u201d<\/p>\n<p>Tambi\u00e9n asegur\u00f3 \u201cEstamos complicados, pero tenemos esperanza\u201d. (http:\/\/www.tulineadirecta.com)<\/p>\n","protected":false},"excerpt":{"rendered":"<p>A fines de la semana pasada el sindicato aceitero se reuni\u00f3 con el nuevo presidente de Germa\u00edz, Mart\u00edn Demierre, en las oficinas de la empresa ubicadas en Capital Federal. A los trabajadores se les deben 10 meses de salario m\u00e1s aguinaldo y exigen que se les respete la antig\u00fcedad. En mayo de 2016 debido a [&hellip;]<\/p>\n","protected":false},"author":4,"featured_media":14928,"comment_status":"open","ping_status":"closed","sticky":false,"template":"","format":"standard","meta":{"om_disable_all_campaigns":false,"_jetpack_memberships_contains_paid_content":false,"footnotes":""},"categories":[621],"tags":[],"class_list":["post-14925","post","type-post","status-publish","format-standard","has-post-thumbnail","hentry","category-regionales"],"aioseo_notices":[],"gutentor_comment":0,"jetpack_featured_media_url":"https:\/\/eldiariodesanpedro.com.ar\/sitio\/wp-content\/uploads\/2017\/02\/Germa\u00edz.jpg","jetpack_shortlink":"https:\/\/wp.me\/p6RhLt-3SJ","jetpack_sharing_enabled":true,"_links":{"self":[{"href":"https:\/\/eldiariodesanpedro.com.ar\/sitio\/wp-json\/wp\/v2\/posts\/14925","targetHints":{"allow":["GET"]}}],"collection":[{"href":"https:\/\/eldiariodesanpedro.com.ar\/sitio\/wp-json\/wp\/v2\/posts"}],"about":[{"href":"https:\/\/eldiariodesanpedro.com.ar\/sitio\/wp-json\/wp\/v2\/types\/post"}],"author":[{"embeddable":true,"href":"https:\/\/eldiariodesanpedro.com.ar\/sitio\/wp-json\/wp\/v2\/users\/4"}],"replies":[{"embeddable":true,"href":"https:\/\/eldiariodesanpedro.com.ar\/sitio\/wp-json\/wp\/v2\/comments?post=14925"}],"version-history":[{"count":1,"href":"https:\/\/eldiariodesanpedro.com.ar\/sitio\/wp-json\/wp\/v2\/posts\/14925\/revisions"}],"predecessor-version":[{"id":14930,"href":"https:\/\/eldiariodesanpedro.com.ar\/sitio\/wp-json\/wp\/v2\/posts\/14925\/revisions\/14930"}],"wp:featuredmedia":[{"embeddable":true,"href":"https:\/\/eldiariodesanpedro.com.ar\/sitio\/wp-json\/wp\/v2\/media\/14928"}],"wp:attachment":[{"href":"https:\/\/eldiariodesanpedro.com.ar\/sitio\/wp-json\/wp\/v2\/media?parent=14925"}],"wp:term":[{"taxonomy":"category","embeddable":true,"href":"https:\/\/eldiariodesanpedro.com.ar\/sitio\/wp-json\/wp\/v2\/categories?post=14925"},{"taxonomy":"post_tag","embeddable":true,"href":"https:\/\/eldiariodesanpedro.com.ar\/sitio\/wp-json\/wp\/v2\/tags?post=14925"}],"curies":[{"name":"wp","href":"https:\/\/api.w.org\/{rel}","templated":true}]}}