{"id":14921,"date":"2017-02-17T20:48:48","date_gmt":"2017-02-17T23:48:48","guid":{"rendered":"https:\/\/eldiariodesanpedro.com.ar\/sitio\/?p=14921"},"modified":"2017-02-17T21:21:14","modified_gmt":"2017-02-18T00:21:14","slug":"lidia-ronte-asumio-como-directora-de-los-centros-de-salud","status":"publish","type":"post","link":"https:\/\/eldiariodesanpedro.com.ar\/sitio\/lidia-ronte-asumio-como-directora-de-los-centros-de-salud\/","title":{"rendered":"Lidia Ronte asumi\u00f3 como Directora de los Centros de Salud"},"content":{"rendered":"<p><!-- VideographyWP Plugin Message: Automatic video embedding prevented by plugin options. --><br \/>\nEn la ma\u00f1ana de hoy, se llev\u00f3 a cabo la presentaci\u00f3n de la flamante funcionaria que tendr\u00e1 a cargo los CAPs de la ciudad. En el sal\u00f3n del Centro Integrador Comunitario, se llev\u00f3 a cabo una conferencia de prensa en donde el Secretario de Salud, Dr. Edgar Britos, se\u00f1al\u00f3: \u201cEste a\u00f1o tiene proyectado la realizaci\u00f3n de obras y de mejoras, las prestaciones que se brindan en los CAPs, fortalecer la estrategia de atenci\u00f3n primaria para los cuales han sido creados los centros de salud y en ese sentido poder descentralizar la tarea que realiza el hospital\u201d.<\/p>\n<p>Y en ese sentido, dijo: \u201cLa designaci\u00f3n de Lidia Ronte acompa\u00f1a a estos cambios que pretendemos hacer\u201d. Y agreg\u00f3: \u201cLe quiero agradecer a Carlos todo este a\u00f1o que se ha trabajado intensamente\u201d por \u201cla predisposici\u00f3n y el apoyo\u201d.<\/p>\n<p>Por su parte Ronte, manifest\u00f3: \u201cLa idea es trabajar en equipo\u201d y continu\u00f3: \u201cEs una tarea multidisciplinaria para que se pueda cumplir con los objetivos propuestos. Acercar la salud al barrio nuevamente. En a\u00f1os de crisis centralizamos nuevamente la atenci\u00f3n en el Hospital, tenemos que redistribuir la atenci\u00f3n en cada CAP\u201d.<\/p>\n<p>\u201cEstamos tratando de mejorar las condiciones, tener m\u00e1s disponibilidad de consultorios y trataremos de extender el horario de la atenci\u00f3n de los consultorios perif\u00e9ricos\u201d, dijo luego.<\/p>\n<div class=\"fb-video\" data-allowfullscreen=\"true\" data-href=\"https:\/\/www.facebook.com\/eldiario.desanpedro\/videos\/577219295820547\/\" style=\"background-color: #fff; display: inline-block;\"><\/div>\n","protected":false},"excerpt":{"rendered":"<p>En la ma\u00f1ana de hoy, se llev\u00f3 a cabo la presentaci\u00f3n de la flamante funcionaria que tendr\u00e1 a cargo los CAPs de la ciudad. En el sal\u00f3n del Centro Integrador Comunitario, se llev\u00f3 a cabo una conferencia de prensa en donde el Secretario de Salud, Dr. Edgar Britos, se\u00f1al\u00f3: \u201cEste a\u00f1o tiene proyectado la realizaci\u00f3n [&hellip;]<\/p>\n","protected":false},"author":4,"featured_media":14923,"comment_status":"open","ping_status":"closed","sticky":false,"template":"","format":"standard","meta":{"om_disable_all_campaigns":false,"_jetpack_memberships_contains_paid_content":false,"footnotes":""},"categories":[2,102],"tags":[],"class_list":["post-14921","post","type-post","status-publish","format-standard","has-post-thumbnail","hentry","category-locales","category-politica-locales"],"aioseo_notices":[],"gutentor_comment":0,"jetpack_featured_media_url":"https:\/\/eldiariodesanpedro.com.ar\/sitio\/wp-content\/uploads\/2017\/02\/Britos-present\u00f3-a-Ronte-como-flamante-directora-de-los-Centros-de-Salud..jpg","jetpack_shortlink":"https:\/\/wp.me\/p6RhLt-3SF","jetpack_sharing_enabled":true,"_links":{"self":[{"href":"https:\/\/eldiariodesanpedro.com.ar\/sitio\/wp-json\/wp\/v2\/posts\/14921","targetHints":{"allow":["GET"]}}],"collection":[{"href":"https:\/\/eldiariodesanpedro.com.ar\/sitio\/wp-json\/wp\/v2\/posts"}],"about":[{"href":"https:\/\/eldiariodesanpedro.com.ar\/sitio\/wp-json\/wp\/v2\/types\/post"}],"author":[{"embeddable":true,"href":"https:\/\/eldiariodesanpedro.com.ar\/sitio\/wp-json\/wp\/v2\/users\/4"}],"replies":[{"embeddable":true,"href":"https:\/\/eldiariodesanpedro.com.ar\/sitio\/wp-json\/wp\/v2\/comments?post=14921"}],"version-history":[{"count":3,"href":"https:\/\/eldiariodesanpedro.com.ar\/sitio\/wp-json\/wp\/v2\/posts\/14921\/revisions"}],"predecessor-version":[{"id":14944,"href":"https:\/\/eldiariodesanpedro.com.ar\/sitio\/wp-json\/wp\/v2\/posts\/14921\/revisions\/14944"}],"wp:featuredmedia":[{"embeddable":true,"href":"https:\/\/eldiariodesanpedro.com.ar\/sitio\/wp-json\/wp\/v2\/media\/14923"}],"wp:attachment":[{"href":"https:\/\/eldiariodesanpedro.com.ar\/sitio\/wp-json\/wp\/v2\/media?parent=14921"}],"wp:term":[{"taxonomy":"category","embeddable":true,"href":"https:\/\/eldiariodesanpedro.com.ar\/sitio\/wp-json\/wp\/v2\/categories?post=14921"},{"taxonomy":"post_tag","embeddable":true,"href":"https:\/\/eldiariodesanpedro.com.ar\/sitio\/wp-json\/wp\/v2\/tags?post=14921"}],"curies":[{"name":"wp","href":"https:\/\/api.w.org\/{rel}","templated":true}]}}