{"id":14918,"date":"2017-02-17T20:41:22","date_gmt":"2017-02-17T23:41:22","guid":{"rendered":"https:\/\/eldiariodesanpedro.com.ar\/sitio\/?p=14918"},"modified":"2017-02-17T20:41:22","modified_gmt":"2017-02-17T23:41:22","slug":"manana-en-el-gimnasio-de-independencia-organizan-las-actividades-del-paro-internacional-de-mujeres","status":"publish","type":"post","link":"https:\/\/eldiariodesanpedro.com.ar\/sitio\/manana-en-el-gimnasio-de-independencia-organizan-las-actividades-del-paro-internacional-de-mujeres\/","title":{"rendered":"MA\u00d1ANA EN EL GIMNASIO DE INDEPENDENCIA: Organizan las actividades del Paro Internacional de Mujeres"},"content":{"rendered":"<p><!-- VideographyWP Plugin Message: Automatic video embedding prevented by plugin options. --><br \/>\nEl evento se realizar\u00e1 el pr\u00f3ximo 8 de marzo, D\u00eda Internacional de la Mujer, en una jornada de protesta que tambi\u00e9n tendr\u00e1 lugar en San Pedro, como en el resto de la Argentina. Para concretar las actividad se desarrollar\u00e1 un encuentro este s\u00e1bado en el CLub Independencia.<\/p>\n<p>\u201cEl 8 de marzo se va a realizar el paro internacional de mujeres\u201d explic\u00f3 Renata Agazzi y sobre ello se\u00f1al\u00f3: \u201cSi bien el femicidios la cara m\u00e1s dram\u00e1tica de la violencia de g\u00e9nero, y en lo que va del a\u00f1o hubo 53 casos, este a\u00f1o la idea de esta movilizaci\u00f3n es visibilizar otro tipo de violencias g\u00e9nero\u201d y ejemplific\u00f3: \u201ccomo la econ\u00f3mica y la dom\u00e9stica\u201d.<\/p>\n<p>Para ello se ha realizado para este fin de semana un encuentro: \u201cLa idea es convocar de mujeres San Pedro para encontrarnos el s\u00e1bado \u00e9ste que viene a las 18 horas en el Club Independencia\u201d, para que \u201clas mujeres de la ciudad de San Pedro dec\u00edan y elijan que quieren hacer, cu\u00e1l les parece la mejor opci\u00f3n para manifestarse\u201d, dijo luego.<\/p>\n<p>\u201cNosotras particularmente queremos reclamar a insistir por el refugio ac\u00e1 en San Pedro que es algo que nos ha llevado a cabo\u201d, dijo Agazzi.<\/p>\n<p><strong>Paro mundial del 8 de marzo<\/strong><\/p>\n<p>El colectivo argentino feminista Ni Una Menos, hizo un llamamiento oficial -que hab\u00eda sido difundido informalmente hace algunos d\u00edas-: un Paro Internacional de Mujeres para el pr\u00f3ximo 8 de marzo.<\/p>\n<p>Los reclamos por los derechos de las mujeres se elevan hasta confluir en un gran grito mundial, que atraviesa pa\u00edses y continentes, y toma las calles. El movimiento feminista argentino fue nombrado y aludido reiteradas veces en los mensajes y tuits de la Marcha de las Mujeres de Washington, el primer antecedente multitudinario de 2017.<\/p>\n<p>Miles de mujeres, ni\u00f1as y j\u00f3venes en las calles se plantaron contra la ret\u00f3rica mis\u00f3gina de Donald Trump y sentaron las bases de un reclamo fundamental: los derechos de las mujeres son derechos humanos.<\/p>\n<p>El comunicado oficial (que se puede leer completo en el Facebook de Ni Una Menos) llama al paro denunciando: la explotaci\u00f3n del capital y la precarizaci\u00f3n de situaci\u00f3n laboral de las mujeres, con una brecha salarial del 27% en relaci\u00f3n a los salarios de los hombres; la desigual distribuci\u00f3n de las tareas dom\u00e9sticas; las muertes por abortos clandestinos y la necesidad de una legislaci\u00f3n que contemple la libertad para decidir sobre nuestros cuerpos; las violencias ejercidas contra ni\u00f1as, lesbianas, travestis; la violencia dom\u00e9stica y las desapariciones de cientos de miles por trata. <\/p>\n<p>Bajo la consigna \u00abNo Estamos Todas\u00bb, la agrupaci\u00f3n, formada por periodistas y escritoras, busca conscientizar acerca de las desapariciones forzadas y la multiplicidad de violencias a la que las mujeres son sometidas por su g\u00e9nero. Bajo la frase \u00abNos mueve el deseo\u00bb, otro de los pilares de la convocatoria, se alude a que lo que sostiene al movimiento es el deseo, de vivir y de acompa\u00f1arnos en la lucha, por las que no est\u00e1n, con alianzas de goce y liberaci\u00f3n del cuerpo, territorio de disputa de las imposiciones patriarcales. <\/p>\n","protected":false},"excerpt":{"rendered":"<p>El evento se realizar\u00e1 el pr\u00f3ximo 8 de marzo, D\u00eda Internacional de la Mujer, en una jornada de protesta que tambi\u00e9n tendr\u00e1 lugar en San Pedro, como en el resto de la Argentina. Para concretar las actividad se desarrollar\u00e1 un encuentro este s\u00e1bado en el CLub Independencia. \u201cEl 8 de marzo se va a realizar [&hellip;]<\/p>\n","protected":false},"author":4,"featured_media":14919,"comment_status":"open","ping_status":"closed","sticky":false,"template":"","format":"standard","meta":{"om_disable_all_campaigns":false,"_jetpack_memberships_contains_paid_content":false,"footnotes":""},"categories":[101,2],"tags":[],"class_list":["post-14918","post","type-post","status-publish","format-standard","has-post-thumbnail","hentry","category-interes-general-locales","category-locales"],"aioseo_notices":[],"gutentor_comment":0,"jetpack_featured_media_url":"https:\/\/eldiariodesanpedro.com.ar\/sitio\/wp-content\/uploads\/2017\/02\/paro-de-mujeres.jpg","jetpack_shortlink":"https:\/\/wp.me\/p6RhLt-3SC","jetpack_sharing_enabled":true,"_links":{"self":[{"href":"https:\/\/eldiariodesanpedro.com.ar\/sitio\/wp-json\/wp\/v2\/posts\/14918","targetHints":{"allow":["GET"]}}],"collection":[{"href":"https:\/\/eldiariodesanpedro.com.ar\/sitio\/wp-json\/wp\/v2\/posts"}],"about":[{"href":"https:\/\/eldiariodesanpedro.com.ar\/sitio\/wp-json\/wp\/v2\/types\/post"}],"author":[{"embeddable":true,"href":"https:\/\/eldiariodesanpedro.com.ar\/sitio\/wp-json\/wp\/v2\/users\/4"}],"replies":[{"embeddable":true,"href":"https:\/\/eldiariodesanpedro.com.ar\/sitio\/wp-json\/wp\/v2\/comments?post=14918"}],"version-history":[{"count":1,"href":"https:\/\/eldiariodesanpedro.com.ar\/sitio\/wp-json\/wp\/v2\/posts\/14918\/revisions"}],"predecessor-version":[{"id":14920,"href":"https:\/\/eldiariodesanpedro.com.ar\/sitio\/wp-json\/wp\/v2\/posts\/14918\/revisions\/14920"}],"wp:featuredmedia":[{"embeddable":true,"href":"https:\/\/eldiariodesanpedro.com.ar\/sitio\/wp-json\/wp\/v2\/media\/14919"}],"wp:attachment":[{"href":"https:\/\/eldiariodesanpedro.com.ar\/sitio\/wp-json\/wp\/v2\/media?parent=14918"}],"wp:term":[{"taxonomy":"category","embeddable":true,"href":"https:\/\/eldiariodesanpedro.com.ar\/sitio\/wp-json\/wp\/v2\/categories?post=14918"},{"taxonomy":"post_tag","embeddable":true,"href":"https:\/\/eldiariodesanpedro.com.ar\/sitio\/wp-json\/wp\/v2\/tags?post=14918"}],"curies":[{"name":"wp","href":"https:\/\/api.w.org\/{rel}","templated":true}]}}