{"id":14915,"date":"2017-02-17T20:32:56","date_gmt":"2017-02-17T23:32:56","guid":{"rendered":"https:\/\/eldiariodesanpedro.com.ar\/sitio\/?p=14915"},"modified":"2026-01-23T23:14:33","modified_gmt":"2026-01-24T02:14:33","slug":"no-voy-a-renunciar-dijo-el-director-de-la-anses","status":"publish","type":"post","link":"https:\/\/eldiariodesanpedro.com.ar\/sitio\/no-voy-a-renunciar-dijo-el-director-de-la-anses\/","title":{"rendered":"\u00abNo voy a renunciar\u00bb, dijo el director de la ANSES"},"content":{"rendered":"<p><!-- VideographyWP Plugin Message: Automatic video embedding prevented by plugin options. --><br \/>\n(NA) &#8211; El director ejecutivo de la ANSeS, Emilio Basavilbaso, asegur\u00f3 que \u00aben ning\u00fan momento\u00bb pens\u00f3 en renunciar tras el esc\u00e1ndalo originado con la resoluci\u00f3n que recortaba el aumento en las jubilaciones. <\/p>\n<p>   \u00abEn ning\u00fan momento baraj\u00e9 renunciar. Hemos hecho muchos m\u00e1s aciertos que desaciertos\u00bb, enfatiz\u00f3 el funcionario.<\/p>\n<p>   Dijo que habl\u00f3 con la diputada nacional Elisa Carri\u00f3, quien lo hab\u00eda cuestionado con dureza en una sesi\u00f3n de la C\u00e1mara de Diputados.<br \/>\n   \u00abHabl\u00e9 con Carri\u00f3 anteanoche y aclaramos un par de cuestiones. <\/p>\n<p>Tengamos en cuenta el entorno. Estaban votando la ley de ART y llega la noticia de la movilidad. Eso complic\u00f3 la sesi\u00f3n, fue muy larga. Ella lo que planteaba era dar marcha atr\u00e1s\u00bb, relat\u00f3.<\/p>\n<p>   En declaraciones a radio La Red, Basavilbaso admiti\u00f3: \u00abAceptamos el error, por eso dimos marcha atr\u00e1s. Afortunadamente, con la modificaci\u00f3n de ayer llegamos a hacer las liquidaciones como todos los meses. Se va a cobrar con los valores del 12,96% de aumento, que fue lo que nos pidi\u00f3 el Presidente\u00bb.<\/p>\n<p>   Por ese motivo, resalt\u00f3 que no hizo falta \u00abhacer una compensaci\u00f3n un mes m\u00e1s adelante ni una liquidaci\u00f3n complementaria\u00bb.<br \/>\n   En consecuencia, desde el primero de marzo, las jubilaciones m\u00ednimas ser\u00e1n de 6.394 pesos.<\/p>\n<p>   Seg\u00fan el jefe de la ANSeS, el nuevo ajuste de los haberes previsionales -que se aplica en funci\u00f3n de la Ley de Movilidad Jubilatoria- \u00absupera la inflaci\u00f3n acumulada del \u00faltimo semestre e incrementa en 4% el poder de compra de los jubilados\u00bb.<\/p>\n<p>   Basavilbaso se\u00f1al\u00f3 tambi\u00e9n que la decisi\u00f3n de modificar el c\u00e1lculo para aumentar las jubilaciones -medida que Macri decidi\u00f3 anular- se hizo \u00abdentro del equipo de Gobierno\u00bb.<\/p>\n<p>   \u00abNo hay una persona. Lo venimos discutiendo para adentro del equipo. Nos juntamos todas las semanas para ir revisando temas.<br \/>\nYo particip\u00e9 de esas reuniones y fue una decisi\u00f3n que tomamos con el equipo de Gobierno\u00bb, coment\u00f3.<\/p>\n<p>   El funcionario dijo que \u00abcuando pierde un equipo, no se responsabiliza a un jugador. Se acepta el error\u00bb.<\/p>\n","protected":false},"excerpt":{"rendered":"<p>(NA) &#8211; El director ejecutivo de la ANSeS, Emilio Basavilbaso, asegur\u00f3 que \u00aben ning\u00fan momento\u00bb pens\u00f3 en renunciar tras el esc\u00e1ndalo originado con la resoluci\u00f3n que recortaba el aumento en las jubilaciones. \u00abEn ning\u00fan momento baraj\u00e9 renunciar. Hemos hecho muchos m\u00e1s aciertos que desaciertos\u00bb, enfatiz\u00f3 el funcionario. Dijo que habl\u00f3 con la diputada nacional Elisa [&hellip;]<\/p>\n","protected":false},"author":4,"featured_media":14916,"comment_status":"open","ping_status":"closed","sticky":false,"template":"","format":"standard","meta":{"om_disable_all_campaigns":false,"_jetpack_memberships_contains_paid_content":false,"footnotes":""},"categories":[3],"tags":[],"class_list":["post-14915","post","type-post","status-publish","format-standard","has-post-thumbnail","hentry","category-nacionales"],"aioseo_notices":[],"gutentor_comment":0,"jetpack_featured_media_url":"https:\/\/eldiariodesanpedro.com.ar\/sitio\/wp-content\/uploads\/2017\/02\/anses.jpg","jetpack_shortlink":"https:\/\/wp.me\/p6RhLt-3Sz","jetpack_sharing_enabled":true,"_links":{"self":[{"href":"https:\/\/eldiariodesanpedro.com.ar\/sitio\/wp-json\/wp\/v2\/posts\/14915","targetHints":{"allow":["GET"]}}],"collection":[{"href":"https:\/\/eldiariodesanpedro.com.ar\/sitio\/wp-json\/wp\/v2\/posts"}],"about":[{"href":"https:\/\/eldiariodesanpedro.com.ar\/sitio\/wp-json\/wp\/v2\/types\/post"}],"author":[{"embeddable":true,"href":"https:\/\/eldiariodesanpedro.com.ar\/sitio\/wp-json\/wp\/v2\/users\/4"}],"replies":[{"embeddable":true,"href":"https:\/\/eldiariodesanpedro.com.ar\/sitio\/wp-json\/wp\/v2\/comments?post=14915"}],"version-history":[{"count":1,"href":"https:\/\/eldiariodesanpedro.com.ar\/sitio\/wp-json\/wp\/v2\/posts\/14915\/revisions"}],"predecessor-version":[{"id":14917,"href":"https:\/\/eldiariodesanpedro.com.ar\/sitio\/wp-json\/wp\/v2\/posts\/14915\/revisions\/14917"}],"wp:featuredmedia":[{"embeddable":true,"href":"https:\/\/eldiariodesanpedro.com.ar\/sitio\/wp-json\/wp\/v2\/media\/14916"}],"wp:attachment":[{"href":"https:\/\/eldiariodesanpedro.com.ar\/sitio\/wp-json\/wp\/v2\/media?parent=14915"}],"wp:term":[{"taxonomy":"category","embeddable":true,"href":"https:\/\/eldiariodesanpedro.com.ar\/sitio\/wp-json\/wp\/v2\/categories?post=14915"},{"taxonomy":"post_tag","embeddable":true,"href":"https:\/\/eldiariodesanpedro.com.ar\/sitio\/wp-json\/wp\/v2\/tags?post=14915"}],"curies":[{"name":"wp","href":"https:\/\/api.w.org\/{rel}","templated":true}]}}