{"id":14905,"date":"2017-02-17T20:14:37","date_gmt":"2017-02-17T23:14:37","guid":{"rendered":"https:\/\/eldiariodesanpedro.com.ar\/sitio\/?p=14905"},"modified":"2017-02-17T21:16:50","modified_gmt":"2017-02-18T00:16:50","slug":"dio-comienzo-el-43-festival-de-musica-popular-argentina-baradero-2017","status":"publish","type":"post","link":"https:\/\/eldiariodesanpedro.com.ar\/sitio\/dio-comienzo-el-43-festival-de-musica-popular-argentina-baradero-2017\/","title":{"rendered":"Dio comienzo el 43\u00b0 Festival de M\u00fasica Popular Argentina Baradero 2017"},"content":{"rendered":"<p><!-- VideographyWP Plugin Message: Automatic video embedding prevented by plugin options. --><br \/>\nEn la noche de ayer alrededor de las 22:00 hs. dio comienzo el 43\u00ba Festival de M\u00fasica Popular Argentina de Baradero 2017, con la conducci\u00f3n de Marcelo Iribarme, Claudio Santella, Javier Basualdo y Walter Biscay Ruiz.<\/p>\n<p>El Escenario se ignauguro con el grupo de baile baraderense Sixto Palavecino seguido de la presentaci\u00f3n de Adrian Maggi y Andres Giles, despu\u00e9s se presentaron los baraderenses Ruben Gummy, Jose Mena y Marcos Fuccia, continuo la hermosa noche con una temperatura agradable y dejando atr\u00e1s el miedo del mal tiempo con la actuaci\u00f3n de El D\u00fao Los del Alma grupo revelaci\u00f3n Baradero 2016, luego continuo con la presentaci\u00f3n de uno de los pocos tradicionales grupos que aun siguen vigentes en el folclore nacional nada mas ni nada menos que Los Manseros Santiague\u00f1os quienes luego de varios a\u00f1os volvieron al escenario del anfiteatro municipal Pedro Carossi, despues de un emocionante show brindado por estos inolvidables artistas continuo la grilla con la revelaci\u00f3n del festival de Baradero Jacinta Condori quien presento su disco Achalay Tierra, luego sigui\u00f3 la danza de parte del ballet representante de Salta, Juntando Sue\u00f1os, Aljeandro Gardinetti reconocido humorista quien trabaja en la se\u00f1ales de tv de Buenos Aires como por ejemplo en el programa Morfi que se emite por Telefe fue quien se encargo de aa\u00f1adirle una cuota de humor al escenario.<\/p>\n<p>La primera de las cuatro noche se acercaba a su fin con la presentaci\u00f3n de los dos show mas esperados el violinista Santafecino Leandro \u00abLele\u00bb Lobato volvi\u00f3 a cautivar a todo el publico presente con su incre\u00edble viol\u00edn y luego se dio paso al principal atractivo de la noche El Chaque\u00f1o Palavecino quien comenz\u00f3 a actuar alrededor de las 3:00 de la madrugada pero provoco en el publico una gran fiesta como ya los tiene acostumbrados este gran artista nacional. <\/p>\n<p>Este viernes 17 de febrero a partir de las 21:00 hs con la esperada participaci\u00f3n de grandes artistas,  entre ellos Los Palmeras, la presentaci\u00f3n de \u201cAgitando Pa\u00f1uelos\u201d con la participaci\u00f3n de Patricia Sosa, Juan Carlos Baglieto y Lito Vitale, Los Carabajal, Facundo Toro y La Juan Darienzo.<\/p>\n<p>Completan la grilla de este viernes Francisco Cuestas, D\u00fao Vitae, Hern\u00e1n Bolleta, Hnos. Moyano y Milagros Coria de Baradero, y la presentaci\u00f3n del Ballet \u201cSembrando Sue\u00f1os\u201d  y \u201cDesde el Alma\u201d de la localidad de Baradero.<\/p>\n<p>Como de costumbre abrir\u00e1 el espect\u00e1culo el \u201cBallet Municipal Sixto Palavecino\u201d, ganadores del Pre Baradero y la animaci\u00f3n humor\u00edstica estar\u00e1 a cargo de Gato Peters.<\/p>\n<div class=\"fb-video\" data-allowfullscreen=\"true\" data-href=\"https:\/\/www.facebook.com\/eldiario.desanpedro\/videos\/577074015835075\/\" style=\"background-color: #fff; display: inline-block;\"><\/div>\n<p><iframe data-src=\"\/\/embedsocial.com\/facebook_album\/album_photos\/577200575822419\" width=\"900\" height=\"1500\" frameborder=\"0\" scrolling=\"no\" marginheight=\"0\" marginwidth=\"0\" src=\"data:image\/svg+xml;base64,PHN2ZyB3aWR0aD0iMSIgaGVpZ2h0PSIxIiB4bWxucz0iaHR0cDovL3d3dy53My5vcmcvMjAwMC9zdmciPjwvc3ZnPg==\" class=\"lazyload\" data-load-mode=\"1\"><\/iframe><\/p>\n","protected":false},"excerpt":{"rendered":"<p>En la noche de ayer alrededor de las 22:00 hs. dio comienzo el 43\u00ba Festival de M\u00fasica Popular Argentina de Baradero 2017, con la conducci\u00f3n de Marcelo Iribarme, Claudio Santella, Javier Basualdo y Walter Biscay Ruiz. El Escenario se ignauguro con el grupo de baile baraderense Sixto Palavecino seguido de la presentaci\u00f3n de Adrian Maggi [&hellip;]<\/p>\n","protected":false},"author":4,"featured_media":14913,"comment_status":"open","ping_status":"closed","sticky":false,"template":"","format":"standard","meta":{"om_disable_all_campaigns":false,"_jetpack_memberships_contains_paid_content":false,"footnotes":""},"categories":[50,101,2,621],"tags":[],"class_list":["post-14905","post","type-post","status-publish","format-standard","has-post-thumbnail","hentry","category-destacadas","category-interes-general-locales","category-locales","category-regionales"],"aioseo_notices":[],"gutentor_comment":0,"jetpack_featured_media_url":"https:\/\/eldiariodesanpedro.com.ar\/sitio\/wp-content\/uploads\/2017\/02\/DSC_0669-e1487373230752.jpg","jetpack_shortlink":"https:\/\/wp.me\/p6RhLt-3Sp","jetpack_sharing_enabled":true,"_links":{"self":[{"href":"https:\/\/eldiariodesanpedro.com.ar\/sitio\/wp-json\/wp\/v2\/posts\/14905","targetHints":{"allow":["GET"]}}],"collection":[{"href":"https:\/\/eldiariodesanpedro.com.ar\/sitio\/wp-json\/wp\/v2\/posts"}],"about":[{"href":"https:\/\/eldiariodesanpedro.com.ar\/sitio\/wp-json\/wp\/v2\/types\/post"}],"author":[{"embeddable":true,"href":"https:\/\/eldiariodesanpedro.com.ar\/sitio\/wp-json\/wp\/v2\/users\/4"}],"replies":[{"embeddable":true,"href":"https:\/\/eldiariodesanpedro.com.ar\/sitio\/wp-json\/wp\/v2\/comments?post=14905"}],"version-history":[{"count":2,"href":"https:\/\/eldiariodesanpedro.com.ar\/sitio\/wp-json\/wp\/v2\/posts\/14905\/revisions"}],"predecessor-version":[{"id":14940,"href":"https:\/\/eldiariodesanpedro.com.ar\/sitio\/wp-json\/wp\/v2\/posts\/14905\/revisions\/14940"}],"wp:featuredmedia":[{"embeddable":true,"href":"https:\/\/eldiariodesanpedro.com.ar\/sitio\/wp-json\/wp\/v2\/media\/14913"}],"wp:attachment":[{"href":"https:\/\/eldiariodesanpedro.com.ar\/sitio\/wp-json\/wp\/v2\/media?parent=14905"}],"wp:term":[{"taxonomy":"category","embeddable":true,"href":"https:\/\/eldiariodesanpedro.com.ar\/sitio\/wp-json\/wp\/v2\/categories?post=14905"},{"taxonomy":"post_tag","embeddable":true,"href":"https:\/\/eldiariodesanpedro.com.ar\/sitio\/wp-json\/wp\/v2\/tags?post=14905"}],"curies":[{"name":"wp","href":"https:\/\/api.w.org\/{rel}","templated":true}]}}