{"id":14901,"date":"2017-02-17T15:42:26","date_gmt":"2017-02-17T18:42:26","guid":{"rendered":"https:\/\/eldiariodesanpedro.com.ar\/sitio\/?p=14901"},"modified":"2026-01-23T23:14:33","modified_gmt":"2026-01-24T02:14:33","slug":"mario-negri-advierte-el-gobierno-no-es-una-empresa","status":"publish","type":"post","link":"https:\/\/eldiariodesanpedro.com.ar\/sitio\/mario-negri-advierte-el-gobierno-no-es-una-empresa\/","title":{"rendered":"Mario Negri advierte, el gobierno \u201cno es una empresa\u201d"},"content":{"rendered":"<p><!-- VideographyWP Plugin Message: Automatic video embedding prevented by plugin options. --><br \/>\nEl jefe del interbloque Cambiemos en Diputados, Mario Negri, advirti\u00f3 que \u201cel c\u00famulo de errores desgasta\u201d a la gesti\u00f3n, y agreg\u00f3: \u201cY creo que la figura de Mauricio Macri, la que alinea frente a la confusi\u00f3n, no puede ser abusada en el uso de la misma\u201d.<\/p>\n<p>Si bien ponder\u00f3 que el presidente haya anunciado que el acuerdo con el Correo Argentino S.A. volviera a foja cero y que anulara el decreto que modificaba la medici\u00f3n del aumento a jubilados, el radical dijo que \u201cno hay que desgastar la figura\u201d del jefe de Estado, sino que \u201chay que aceitar los mecanismos y sistema de alerta entre el Ejecutivo y el Congreso\u201d.<\/p>\n<p>En declaraciones radiales, el dirigente cordob\u00e9s explic\u00f3 que lo del c\u00e1lculo de las jubilaciones \u201cfue una tormenta que nos tom\u00f3 por sorpresa y por suerte termin\u00f3 r\u00e1pido\u201d y, en cuanto al acuerdo con el Correo, se\u00f1al\u00f3 que \u201ces un tema muy sensible y uno tiene que tomar precauciones\u201d ante la \u201chipersensibilidad de la sociedad\u201d.<\/p>\n<p>El diputado indic\u00f3 que le dio \u201ctranquilidad\u201d la conferencia de prensa que brind\u00f3 Macri este jueves por la tarde en Casa Rosada y reiter\u00f3 su propuesta de \u201cabrir el gobierno, para que vengan todos los partidos, sin ocultar nada\u201d.<\/p>\n<p>Sobre el c\u00e1lculo de la movilidad jubilatoria, Negri dijo que no imagina que el gobierno nacional \u201chaya dise\u00f1ado una estrategia as\u00ed\u201d para hacer un ahorro en los fondos p\u00fablicos despu\u00e9s de \u201cponer 75.000 millones de pesos para levantar 500.000 juicios colgados desde hace 20 a\u00f1os en una c\u00e1mara\u201d, en referencia a la reparaci\u00f3n hist\u00f3rica de sus haberes que el gobierno hizo con parte de los jubilados.<\/p>\n<p>\u201cSi alguien lo pens\u00f3, se equivoc\u00f3 fuertemente. El Gobierno, la cosa p\u00fablica, no es una empresa. No porque sea mala una empresa, donde a un gerente se le tira la oreja. Pero en la cosa p\u00fablica est\u00e1 el inter\u00e9s de la sociedad\u201d, sostuvo y expres\u00f3 no saber \u201csi alguien pagar\u00e1 el error\u201d.<\/p>\n<p>Ernesto Martinchuk<\/p>\n<p>Periodista Parlamentario<\/p>\n","protected":false},"excerpt":{"rendered":"<p>El jefe del interbloque Cambiemos en Diputados, Mario Negri, advirti\u00f3 que \u201cel c\u00famulo de errores desgasta\u201d a la gesti\u00f3n, y agreg\u00f3: \u201cY creo que la figura de Mauricio Macri, la que alinea frente a la confusi\u00f3n, no puede ser abusada en el uso de la misma\u201d. Si bien ponder\u00f3 que el presidente haya anunciado que [&hellip;]<\/p>\n","protected":false},"author":4,"featured_media":14902,"comment_status":"open","ping_status":"closed","sticky":false,"template":"","format":"standard","meta":{"om_disable_all_campaigns":false,"_jetpack_memberships_contains_paid_content":false,"footnotes":""},"categories":[3],"tags":[],"class_list":["post-14901","post","type-post","status-publish","format-standard","has-post-thumbnail","hentry","category-nacionales"],"aioseo_notices":[],"gutentor_comment":0,"jetpack_featured_media_url":"https:\/\/eldiariodesanpedro.com.ar\/sitio\/wp-content\/uploads\/2017\/02\/negri-negri-e1487356924121.jpg","jetpack_shortlink":"https:\/\/wp.me\/p6RhLt-3Sl","jetpack_sharing_enabled":true,"_links":{"self":[{"href":"https:\/\/eldiariodesanpedro.com.ar\/sitio\/wp-json\/wp\/v2\/posts\/14901","targetHints":{"allow":["GET"]}}],"collection":[{"href":"https:\/\/eldiariodesanpedro.com.ar\/sitio\/wp-json\/wp\/v2\/posts"}],"about":[{"href":"https:\/\/eldiariodesanpedro.com.ar\/sitio\/wp-json\/wp\/v2\/types\/post"}],"author":[{"embeddable":true,"href":"https:\/\/eldiariodesanpedro.com.ar\/sitio\/wp-json\/wp\/v2\/users\/4"}],"replies":[{"embeddable":true,"href":"https:\/\/eldiariodesanpedro.com.ar\/sitio\/wp-json\/wp\/v2\/comments?post=14901"}],"version-history":[{"count":1,"href":"https:\/\/eldiariodesanpedro.com.ar\/sitio\/wp-json\/wp\/v2\/posts\/14901\/revisions"}],"predecessor-version":[{"id":14903,"href":"https:\/\/eldiariodesanpedro.com.ar\/sitio\/wp-json\/wp\/v2\/posts\/14901\/revisions\/14903"}],"wp:featuredmedia":[{"embeddable":true,"href":"https:\/\/eldiariodesanpedro.com.ar\/sitio\/wp-json\/wp\/v2\/media\/14902"}],"wp:attachment":[{"href":"https:\/\/eldiariodesanpedro.com.ar\/sitio\/wp-json\/wp\/v2\/media?parent=14901"}],"wp:term":[{"taxonomy":"category","embeddable":true,"href":"https:\/\/eldiariodesanpedro.com.ar\/sitio\/wp-json\/wp\/v2\/categories?post=14901"},{"taxonomy":"post_tag","embeddable":true,"href":"https:\/\/eldiariodesanpedro.com.ar\/sitio\/wp-json\/wp\/v2\/tags?post=14901"}],"curies":[{"name":"wp","href":"https:\/\/api.w.org\/{rel}","templated":true}]}}