{"id":14898,"date":"2017-02-17T15:37:39","date_gmt":"2017-02-17T18:37:39","guid":{"rendered":"https:\/\/eldiariodesanpedro.com.ar\/sitio\/?p=14898"},"modified":"2026-01-23T23:14:33","modified_gmt":"2026-01-24T02:14:33","slug":"la-rioja-detuvieron-a-cesar-milani-legisladores-del-oficialismo-y-la-oposicion-ponderaron-la-medida","status":"publish","type":"post","link":"https:\/\/eldiariodesanpedro.com.ar\/sitio\/la-rioja-detuvieron-a-cesar-milani-legisladores-del-oficialismo-y-la-oposicion-ponderaron-la-medida\/","title":{"rendered":"La Rioja: Detuvieron a Cesar Milani, legisladores del oficialismo y la oposici\u00f3n ponderaron la medida"},"content":{"rendered":"<p><!-- VideographyWP Plugin Message: Automatic video embedding prevented by plugin options. --><br \/>\nLa Justicia Federal de La Rioja dispuso la detenci\u00f3n del exjefe del Ej\u00e9rcito C\u00e9sar Milani, tras su declaraci\u00f3n indagatoria por el secuestro, durante la \u00faltima dictadura, de Pedro Olivera, Alfredo Olivera y Ver\u00f3nica Matta.<\/p>\n<p>Inmediatamente en las redes sociales comenzaron las reacciones celebratorias de legisladores nacionales.<\/p>\n<p>La presidente de la Comisi\u00f3n de Derechos Humanos de la C\u00e1mara baja, Victoria Donda P\u00e9rez, que se\u00f1al\u00f3: \u201cNo aramos en el desierto: detuvieron a Milani\u201d.<\/p>\n<p>El legislador porte\u00f1o de la Coalici\u00f3n C\u00edvica-ARI Maximiliano Ferraro escribi\u00f3 en su cuenta de Twitter: \u201c#Milani Detenido por violaciones a los derechos humanos. Memoria, verdad y justicia\u201d.<\/p>\n<p>Desde la izquierda, el diputado N\u00e9stor Pitrola celebr\u00f3: \u201cMILANI PRESO!!!!! Viva la lucha popular!!!\u201d, tras lo cual env\u00edo \u201cabrazo enorme a G. Ledo, a Olivera y especialmente a Ver\u00f3nica Mata quien hizo su primera denuncia en nuestra segunda audiencia contra Milani\u201d. En otro tuit, Pitrola destac\u00f3 la conmoci\u00f3n en el bloque PO, para recordar luego que \u201cla primera acci\u00f3n parlamentaria en diciembre 2013, fue una audiencia por la destituci\u00f3n y el juicio a Milani\u201d.<\/p>\n<p>Tambi\u00e9n destac\u00f3 la detenci\u00f3n la diputada porte\u00f1a Graciela Oca\u00f1a, quien destac\u00f3 que \u201cel general de CFK no solo se enriqueci\u00f3 y mont\u00f3 una red de espionaje sobre argentinos\u201d, para dar luego un reconocimiento al periodista Rodrigo Alegre y al programa \u201cPeriodismo Para Todos\u201d, que hicieron la investigaci\u00f3n que llev\u00f3 ahora a este desenlace. Y tambi\u00e9n elogi\u00f3 \u201ca los fiscales y jueces que resistieron presiones\u201d.<\/p>\n<p>Otra diputada porte\u00f1a, Paula Oliveto dijo esperar \u201cde coraz\u00f3n no tener q ver a los organismos de Derechos Humanos defendi\u00e9ndolo\u201d.<\/p>\n<p>\u201cNosotros nos hacemos cargo del error de c\u00e1lculo, h\u00e1ganse cargo del acierto de haber nombrado a Milani\u201d, expres\u00f3 el diputado del Pro Waldo Wolff.<\/p>\n<p>Ernesto Martinchuk<\/p>\n<p>Periodista Parlamentario<\/p>\n","protected":false},"excerpt":{"rendered":"<p>La Justicia Federal de La Rioja dispuso la detenci\u00f3n del exjefe del Ej\u00e9rcito C\u00e9sar Milani, tras su declaraci\u00f3n indagatoria por el secuestro, durante la \u00faltima dictadura, de Pedro Olivera, Alfredo Olivera y Ver\u00f3nica Matta. Inmediatamente en las redes sociales comenzaron las reacciones celebratorias de legisladores nacionales. La presidente de la Comisi\u00f3n de Derechos Humanos de [&hellip;]<\/p>\n","protected":false},"author":4,"featured_media":14899,"comment_status":"open","ping_status":"closed","sticky":false,"template":"","format":"standard","meta":{"om_disable_all_campaigns":false,"_jetpack_memberships_contains_paid_content":false,"footnotes":""},"categories":[3],"tags":[],"class_list":["post-14898","post","type-post","status-publish","format-standard","has-post-thumbnail","hentry","category-nacionales"],"aioseo_notices":[],"gutentor_comment":0,"jetpack_featured_media_url":"https:\/\/eldiariodesanpedro.com.ar\/sitio\/wp-content\/uploads\/2017\/02\/Milani-e1487356583992.jpg","jetpack_shortlink":"https:\/\/wp.me\/p6RhLt-3Si","jetpack_sharing_enabled":true,"_links":{"self":[{"href":"https:\/\/eldiariodesanpedro.com.ar\/sitio\/wp-json\/wp\/v2\/posts\/14898","targetHints":{"allow":["GET"]}}],"collection":[{"href":"https:\/\/eldiariodesanpedro.com.ar\/sitio\/wp-json\/wp\/v2\/posts"}],"about":[{"href":"https:\/\/eldiariodesanpedro.com.ar\/sitio\/wp-json\/wp\/v2\/types\/post"}],"author":[{"embeddable":true,"href":"https:\/\/eldiariodesanpedro.com.ar\/sitio\/wp-json\/wp\/v2\/users\/4"}],"replies":[{"embeddable":true,"href":"https:\/\/eldiariodesanpedro.com.ar\/sitio\/wp-json\/wp\/v2\/comments?post=14898"}],"version-history":[{"count":1,"href":"https:\/\/eldiariodesanpedro.com.ar\/sitio\/wp-json\/wp\/v2\/posts\/14898\/revisions"}],"predecessor-version":[{"id":14900,"href":"https:\/\/eldiariodesanpedro.com.ar\/sitio\/wp-json\/wp\/v2\/posts\/14898\/revisions\/14900"}],"wp:featuredmedia":[{"embeddable":true,"href":"https:\/\/eldiariodesanpedro.com.ar\/sitio\/wp-json\/wp\/v2\/media\/14899"}],"wp:attachment":[{"href":"https:\/\/eldiariodesanpedro.com.ar\/sitio\/wp-json\/wp\/v2\/media?parent=14898"}],"wp:term":[{"taxonomy":"category","embeddable":true,"href":"https:\/\/eldiariodesanpedro.com.ar\/sitio\/wp-json\/wp\/v2\/categories?post=14898"},{"taxonomy":"post_tag","embeddable":true,"href":"https:\/\/eldiariodesanpedro.com.ar\/sitio\/wp-json\/wp\/v2\/tags?post=14898"}],"curies":[{"name":"wp","href":"https:\/\/api.w.org\/{rel}","templated":true}]}}