{"id":14896,"date":"2017-02-17T15:32:00","date_gmt":"2017-02-17T18:32:00","guid":{"rendered":"https:\/\/eldiariodesanpedro.com.ar\/sitio\/?p=14896"},"modified":"2017-02-17T15:32:00","modified_gmt":"2017-02-17T18:32:00","slug":"milciades-lencina-ya-esta-nuevamente-en-su-domicilio-por-orden-de-la-jueza-de-garantias","status":"publish","type":"post","link":"https:\/\/eldiariodesanpedro.com.ar\/sitio\/milciades-lencina-ya-esta-nuevamente-en-su-domicilio-por-orden-de-la-jueza-de-garantias\/","title":{"rendered":"Milc\u00edades Lencina ya esta nuevamente en su domicilio, por orden de la Jueza de Garantias"},"content":{"rendered":"<p><!-- VideographyWP Plugin Message: Automatic video embedding prevented by plugin options. --><br \/>\nEn la tarde de hoy la Jueza de Garant\u00edas, Dra. Maria Eugenia Maiztegui hizo caso omiso al petitorio de la fiscal\u00eda de nuestra ciudad para volver a encerrar en la c\u00e1rcel a una de las personas mas conflictivas de nuestra ciudad Milc\u00edades Lencina, la jueza  orden\u00f3 que regrese a su vivienda en calle General Pueyrred\u00f3n al 1300 y de la cual los vecinos de donde vive este delincuente est\u00e1n cansados de efectuar denuncias por comandar usurpaciones y amenazar constantemente a los mismos.<\/p>\n<p>Este hombre que ya es condenado por su participaci\u00f3n en el homicidio de Maria Florencia Cresta en el a\u00f1o 2013, <a href=\"https:\/\/eldiariodesanpedro.com.ar\/sitio\/allanamiento-en-la-casa-de-milciades-el-gordo-lencina\/\" target=\"_blank\">hace unas noches atr\u00e1s hab\u00eda sido detenido nuevamente ya que se realizo un allanamiento en el domicilio donde \u00e9l cumple el beneficio de la prisi\u00f3n domiciliaria y donde se pudo secuestra varios Baguyos de marihuana que presuntamente serian para comercializar<\/a>.<\/p>\n","protected":false},"excerpt":{"rendered":"<p>En la tarde de hoy la Jueza de Garant\u00edas, Dra. Maria Eugenia Maiztegui hizo caso omiso al petitorio de la fiscal\u00eda de nuestra ciudad para volver a encerrar en la c\u00e1rcel a una de las personas mas conflictivas de nuestra ciudad Milc\u00edades Lencina, la jueza orden\u00f3 que regrese a su vivienda en calle General Pueyrred\u00f3n [&hellip;]<\/p>\n","protected":false},"author":4,"featured_media":14808,"comment_status":"open","ping_status":"closed","sticky":false,"template":"","format":"standard","meta":{"om_disable_all_campaigns":false,"_jetpack_memberships_contains_paid_content":false,"footnotes":""},"categories":[50,2,103],"tags":[],"class_list":["post-14896","post","type-post","status-publish","format-standard","has-post-thumbnail","hentry","category-destacadas","category-locales","category-policiales-locales"],"aioseo_notices":[],"gutentor_comment":0,"jetpack_featured_media_url":"https:\/\/eldiariodesanpedro.com.ar\/sitio\/wp-content\/uploads\/2017\/02\/allanamiento-mesiades-e1487356237305.jpg","jetpack_shortlink":"https:\/\/wp.me\/p6RhLt-3Sg","jetpack_sharing_enabled":true,"_links":{"self":[{"href":"https:\/\/eldiariodesanpedro.com.ar\/sitio\/wp-json\/wp\/v2\/posts\/14896","targetHints":{"allow":["GET"]}}],"collection":[{"href":"https:\/\/eldiariodesanpedro.com.ar\/sitio\/wp-json\/wp\/v2\/posts"}],"about":[{"href":"https:\/\/eldiariodesanpedro.com.ar\/sitio\/wp-json\/wp\/v2\/types\/post"}],"author":[{"embeddable":true,"href":"https:\/\/eldiariodesanpedro.com.ar\/sitio\/wp-json\/wp\/v2\/users\/4"}],"replies":[{"embeddable":true,"href":"https:\/\/eldiariodesanpedro.com.ar\/sitio\/wp-json\/wp\/v2\/comments?post=14896"}],"version-history":[{"count":1,"href":"https:\/\/eldiariodesanpedro.com.ar\/sitio\/wp-json\/wp\/v2\/posts\/14896\/revisions"}],"predecessor-version":[{"id":14897,"href":"https:\/\/eldiariodesanpedro.com.ar\/sitio\/wp-json\/wp\/v2\/posts\/14896\/revisions\/14897"}],"wp:featuredmedia":[{"embeddable":true,"href":"https:\/\/eldiariodesanpedro.com.ar\/sitio\/wp-json\/wp\/v2\/media\/14808"}],"wp:attachment":[{"href":"https:\/\/eldiariodesanpedro.com.ar\/sitio\/wp-json\/wp\/v2\/media?parent=14896"}],"wp:term":[{"taxonomy":"category","embeddable":true,"href":"https:\/\/eldiariodesanpedro.com.ar\/sitio\/wp-json\/wp\/v2\/categories?post=14896"},{"taxonomy":"post_tag","embeddable":true,"href":"https:\/\/eldiariodesanpedro.com.ar\/sitio\/wp-json\/wp\/v2\/tags?post=14896"}],"curies":[{"name":"wp","href":"https:\/\/api.w.org\/{rel}","templated":true}]}}