{"id":14893,"date":"2017-02-17T15:09:52","date_gmt":"2017-02-17T18:09:52","guid":{"rendered":"https:\/\/eldiariodesanpedro.com.ar\/sitio\/?p=14893"},"modified":"2017-02-17T15:11:58","modified_gmt":"2017-02-17T18:11:58","slug":"liberaron-a-la-pareja-que-ataba-a-su-hijo-para-poder-salir","status":"publish","type":"post","link":"https:\/\/eldiariodesanpedro.com.ar\/sitio\/liberaron-a-la-pareja-que-ataba-a-su-hijo-para-poder-salir\/","title":{"rendered":"Liberaron a la pareja que ataba a su hijo para poder salir"},"content":{"rendered":"<p><!-- VideographyWP Plugin Message: Automatic video embedding prevented by plugin options. --><br \/>\nFinalizado el periodo de prisi\u00f3n preventiva, la jueza de garant\u00edas liber\u00f3 a la pareja que fue noticia e indign\u00f3 a toda la zona al conocerse una fotograf\u00eda donde se ve\u00eda a un nene envuelto en una toalla e inmovilizado por su joven madre, una pr\u00e1ctica que realizaba frecuentemente para poder salir con su novio.<\/p>\n<p>El fiscal Vicente G\u00f3mez a cargo de la UFI N\u00ba 9 de Baradero habl\u00f3 sobre esta tema y otros, en una entrevista realizada por BTI.<\/p>\n<p>\u00bfDr. G\u00f3mez, es verdad que ha sido liberada la mujer que ataba a su hijo para poder salir con su pareja?<\/p>\n<p>\u201cEfectivamente, hab\u00eda sido detenida la fiscal\u00eda le hab\u00eda pedido a la jueza de garant\u00edas que ordene su detenci\u00f3n y la jueza de garant\u00edas acompa\u00f1\u00f3 el pedido haciendo lugar a la requisitoria, dispuso la detenci\u00f3n, se cumpli\u00f3 con la detenci\u00f3n y permaneci\u00f3 en calidad de detenida durante el tiempo previsto para el dictado de la prisi\u00f3n  preventiva, llegado a ese momento entendi\u00f3 la jueza que no hab\u00eda otros elementos que permitieran que siguieran en esa condici\u00f3n de detenidos y en consecuencia hizo lugar a la excarcelaci\u00f3n tanto de la mujer, como de la pareja. Esto no implica que la causa se haya cerrado, ni mucho menos, sino que por el contrario la misma contin\u00faa en tr\u00e1mite y concluida la etapa probatoria se pedir\u00e1 la elevaci\u00f3n de la misma a juicio e iremos a un debate oral y p\u00fablico\u201d.<\/p>\n<p>\u00bfDonde est\u00e1n los nenes?<\/p>\n<p>\u201cLos chiquitos est\u00e1n en el hogar del ni\u00f1o, contenidos, bien cuidados, alimentados y el d\u00eda de ma\u00f1ana se va hacer una pericia en la ciudad de San Nicol\u00e1s\u201c.<\/p>\n<p>\u00bfDonde est\u00e1n los nenes?<\/p>\n<p>\u201cLos chiquitos est\u00e1n en el hogar del ni\u00f1o, contenidos, bien cuidados, alimentados y el d\u00eda de ma\u00f1ana se va hacer una pericia en la ciudad de San Nicol\u00e1s\u201c.<\/p>\n<p>\u00bfEst\u00e1n protegidos o la madre puede acercarse a ellos?<\/p>\n<p>\u201cEntre las pautas que les fij\u00f3 la jueza de garant\u00edas al excarcelarlos les prohibi\u00f3 como condici\u00f3n para mantener esa situaci\u00f3n de libertad el contacto con sus hijos, as\u00ed que por el momento esa situaci\u00f3n continua y eventualmente se definir\u00e1 en un debate s\u00ed corresponde continuar con esas situaci\u00f3n de imposibilidad de acercamiento o no\u201d.<\/p>\n<p>Drogas<\/p>\n<p>\u00bfUstedes trabajan en conjunto con la Dra. Marcantonio en las causas de narcotr\u00e1fico?<\/p>\n<p>\u201cEfectivamente se trabaja en conjunto, existe en el departamento judicial una fiscal\u00eda tematizada en materia de drogas que precisamente es encabezada por la Dra. Marcantonio y \u00e9l Dr. M\u00fagica D\u00edaz y nosotros en Baradero tenemos varias causas en tr\u00e1mite en relaci\u00f3n a la materia y el trabajo es conjunto. As\u00ed que es un entramado bastante amplio de actores que intervienen en la investigaci\u00f3n de las causas de drogas\u201d.<\/p>\n<p>\u00bfCu\u00e1l es la situaci\u00f3n de los detenidos en los \u00faltimos allanamientos y el pr\u00f3fugo?<\/p>\n<p>\u201cLa vedad que desconozco esa situaci\u00f3n y no puedo informarle, porque no es una causa que llevemos nosotros, no s\u00e9 si esta dentro del plazo de la prisi\u00f3n preventiva, s\u00ed la persona que estaba pr\u00f3fuga fue detenida, desconozco\u201d.<\/p>\n<p>Falsa denuncia<\/p>\n<p>Hoy es muy com\u00fan en las redes sociales, encontrar denuncias p\u00fablicas contra otras personas, \u00bfcu\u00e1ntas de ellas llegan a denunciarse oficialmente y que pasa con las falsas denuncias?<\/p>\n<p>\u201cEst\u00e1 previsto expresamente el delito de falsa denuncia, con lo cual se tendr\u00e1 que hacer responsable la persona que radic\u00f3 esa falsa denuncia ante el sistema penal por haber precisamente radicado esa falsa denuncia. En principio lo que tiene que saber la gente es que no se puede denunciar falsamente un delito sin correr el riesgo de que esa cuesti\u00f3n se le venga en contra\u201d.<\/p>\n<p>\u00bfExisten herramientas legales para defenderse de una falsa denuncia?<\/p>\n<p>\u201cEventualmente yo tendr\u00e9 la posibilidad de iniciarle alguna acci\u00f3n legal en orden a la reparaci\u00f3n de los da\u00f1os que me pudo haber causado a partir de esa falsa denuncia y en ese caso tendr\u00e1 el falso denunciante por llamarlo de alguna manera dos responsabilidades por un lado la penal en orden a responder por haber radicado una falsa denuncia y poner en movimiento todo el engranaje ya sea policial y judicial y en segundo lugar una responsabilidad econ\u00f3mica que seguramente ser\u00e1 determinada a partir de un juicio por da\u00f1os y perjuicios, nada es gratis en esta cuesti\u00f3n.\u201d        <\/p>\n<p>FUENTE: <a href=\"http:\/\/www.baraderoteinforma.com.ar\/liberaron-a-la-pareja-que-ataba-a-su-hijo-para-poder-salir\/\" target=\"_blank\">BARADERO TE INFORMA<\/a><\/p>\n","protected":false},"excerpt":{"rendered":"<p>Finalizado el periodo de prisi\u00f3n preventiva, la jueza de garant\u00edas liber\u00f3 a la pareja que fue noticia e indign\u00f3 a toda la zona al conocerse una fotograf\u00eda donde se ve\u00eda a un nene envuelto en una toalla e inmovilizado por su joven madre, una pr\u00e1ctica que realizaba frecuentemente para poder salir con su novio. El [&hellip;]<\/p>\n","protected":false},"author":4,"featured_media":14890,"comment_status":"open","ping_status":"closed","sticky":false,"template":"","format":"standard","meta":{"om_disable_all_campaigns":false,"_jetpack_memberships_contains_paid_content":false,"footnotes":""},"categories":[50,621],"tags":[],"class_list":["post-14893","post","type-post","status-publish","format-standard","has-post-thumbnail","hentry","category-destacadas","category-regionales"],"aioseo_notices":[],"gutentor_comment":0,"jetpack_featured_media_url":"https:\/\/eldiariodesanpedro.com.ar\/sitio\/wp-content\/uploads\/2017\/02\/bardero-chicos-atados-e1487355103337.jpg","jetpack_shortlink":"https:\/\/wp.me\/p6RhLt-3Sd","jetpack_sharing_enabled":true,"_links":{"self":[{"href":"https:\/\/eldiariodesanpedro.com.ar\/sitio\/wp-json\/wp\/v2\/posts\/14893","targetHints":{"allow":["GET"]}}],"collection":[{"href":"https:\/\/eldiariodesanpedro.com.ar\/sitio\/wp-json\/wp\/v2\/posts"}],"about":[{"href":"https:\/\/eldiariodesanpedro.com.ar\/sitio\/wp-json\/wp\/v2\/types\/post"}],"author":[{"embeddable":true,"href":"https:\/\/eldiariodesanpedro.com.ar\/sitio\/wp-json\/wp\/v2\/users\/4"}],"replies":[{"embeddable":true,"href":"https:\/\/eldiariodesanpedro.com.ar\/sitio\/wp-json\/wp\/v2\/comments?post=14893"}],"version-history":[{"count":1,"href":"https:\/\/eldiariodesanpedro.com.ar\/sitio\/wp-json\/wp\/v2\/posts\/14893\/revisions"}],"predecessor-version":[{"id":14894,"href":"https:\/\/eldiariodesanpedro.com.ar\/sitio\/wp-json\/wp\/v2\/posts\/14893\/revisions\/14894"}],"wp:featuredmedia":[{"embeddable":true,"href":"https:\/\/eldiariodesanpedro.com.ar\/sitio\/wp-json\/wp\/v2\/media\/14890"}],"wp:attachment":[{"href":"https:\/\/eldiariodesanpedro.com.ar\/sitio\/wp-json\/wp\/v2\/media?parent=14893"}],"wp:term":[{"taxonomy":"category","embeddable":true,"href":"https:\/\/eldiariodesanpedro.com.ar\/sitio\/wp-json\/wp\/v2\/categories?post=14893"},{"taxonomy":"post_tag","embeddable":true,"href":"https:\/\/eldiariodesanpedro.com.ar\/sitio\/wp-json\/wp\/v2\/tags?post=14893"}],"curies":[{"name":"wp","href":"https:\/\/api.w.org\/{rel}","templated":true}]}}