{"id":14886,"date":"2017-02-17T13:32:11","date_gmt":"2017-02-17T16:32:11","guid":{"rendered":"https:\/\/eldiariodesanpedro.com.ar\/sitio\/?p=14886"},"modified":"2017-02-17T13:32:11","modified_gmt":"2017-02-17T16:32:11","slug":"caproem-en-cocineros-argentinos-promocionando-el-durazno","status":"publish","type":"post","link":"https:\/\/eldiariodesanpedro.com.ar\/sitio\/caproem-en-cocineros-argentinos-promocionando-el-durazno\/","title":{"rendered":"CAPROEM en Cocineros Argentinos promocionando el durazno"},"content":{"rendered":"<p><!-- VideographyWP Plugin Message: Automatic video embedding prevented by plugin options. --><br \/>\nEl presidente de CAPROEM Rub\u00e9n Artigues y el Gerente de la entidad Ingeniero Agr\u00f3nomo Pablo Ojea participaron esta tarde del programa de la Televisi\u00f3n P\u00fablica \u00abCocineros Argentinos\u00bb respondiendo a una invitaci\u00f3n que fue cursada a trav\u00e9s del Director del INTA San Pedro, Ingeniero Agr\u00f3nomo Armando Constantino. La producci\u00f3n del reconocido ciclo gastron\u00f3mico que lleva varios a\u00f1os en pantalla, mostr\u00f3 inter\u00e9s en presentar platos con productos de estaci\u00f3n y para referirse a las alternativas con duraznos recurrieron a nuestra regi\u00f3n.<br \/>\nEn el espacio asignado, se habl\u00f3 sobre las caracter\u00edsticas de la fruta, como reconocer las de mejor calidad y qu\u00e9 tipo de preparaciones son posibles. Aprovechando la oportunidad se habl\u00f3 tambi\u00e9n de la importante producci\u00f3n de batatas que tiene San Pedro, para generar en el futuro alg\u00fan espacio similar. Desde nuestra entidad se los invit\u00f3 a volver a visitar la zona para cocinar, aprovechando otros tipos de atractivos gastron\u00f3micos que ofrecemos, recorriendo campos y conociendo un poco m\u00e1s de lo que desde siempre ha distinguido a nuestra tierra y que desde la C\u00e1mara queremos colaborar para volver a posicionar.<\/p>\n","protected":false},"excerpt":{"rendered":"<p>El presidente de CAPROEM Rub\u00e9n Artigues y el Gerente de la entidad Ingeniero Agr\u00f3nomo Pablo Ojea participaron esta tarde del programa de la Televisi\u00f3n P\u00fablica \u00abCocineros Argentinos\u00bb respondiendo a una invitaci\u00f3n que fue cursada a trav\u00e9s del Director del INTA San Pedro, Ingeniero Agr\u00f3nomo Armando Constantino. La producci\u00f3n del reconocido ciclo gastron\u00f3mico que lleva varios [&hellip;]<\/p>\n","protected":false},"author":4,"featured_media":14887,"comment_status":"open","ping_status":"closed","sticky":false,"template":"","format":"standard","meta":{"om_disable_all_campaigns":false,"_jetpack_memberships_contains_paid_content":false,"footnotes":""},"categories":[50,101,2],"tags":[],"class_list":["post-14886","post","type-post","status-publish","format-standard","has-post-thumbnail","hentry","category-destacadas","category-interes-general-locales","category-locales"],"aioseo_notices":[],"gutentor_comment":0,"jetpack_featured_media_url":"https:\/\/eldiariodesanpedro.com.ar\/sitio\/wp-content\/uploads\/2017\/02\/caprococineros3.jpg","jetpack_shortlink":"https:\/\/wp.me\/p6RhLt-3S6","jetpack_sharing_enabled":true,"_links":{"self":[{"href":"https:\/\/eldiariodesanpedro.com.ar\/sitio\/wp-json\/wp\/v2\/posts\/14886","targetHints":{"allow":["GET"]}}],"collection":[{"href":"https:\/\/eldiariodesanpedro.com.ar\/sitio\/wp-json\/wp\/v2\/posts"}],"about":[{"href":"https:\/\/eldiariodesanpedro.com.ar\/sitio\/wp-json\/wp\/v2\/types\/post"}],"author":[{"embeddable":true,"href":"https:\/\/eldiariodesanpedro.com.ar\/sitio\/wp-json\/wp\/v2\/users\/4"}],"replies":[{"embeddable":true,"href":"https:\/\/eldiariodesanpedro.com.ar\/sitio\/wp-json\/wp\/v2\/comments?post=14886"}],"version-history":[{"count":1,"href":"https:\/\/eldiariodesanpedro.com.ar\/sitio\/wp-json\/wp\/v2\/posts\/14886\/revisions"}],"predecessor-version":[{"id":14888,"href":"https:\/\/eldiariodesanpedro.com.ar\/sitio\/wp-json\/wp\/v2\/posts\/14886\/revisions\/14888"}],"wp:featuredmedia":[{"embeddable":true,"href":"https:\/\/eldiariodesanpedro.com.ar\/sitio\/wp-json\/wp\/v2\/media\/14887"}],"wp:attachment":[{"href":"https:\/\/eldiariodesanpedro.com.ar\/sitio\/wp-json\/wp\/v2\/media?parent=14886"}],"wp:term":[{"taxonomy":"category","embeddable":true,"href":"https:\/\/eldiariodesanpedro.com.ar\/sitio\/wp-json\/wp\/v2\/categories?post=14886"},{"taxonomy":"post_tag","embeddable":true,"href":"https:\/\/eldiariodesanpedro.com.ar\/sitio\/wp-json\/wp\/v2\/tags?post=14886"}],"curies":[{"name":"wp","href":"https:\/\/api.w.org\/{rel}","templated":true}]}}