{"id":14883,"date":"2017-02-17T13:25:21","date_gmt":"2017-02-17T16:25:21","guid":{"rendered":"https:\/\/eldiariodesanpedro.com.ar\/sitio\/?p=14883"},"modified":"2026-01-23T23:14:33","modified_gmt":"2026-01-24T02:14:33","slug":"la-modificacion-de-la-formula-de-aumento-a-jubilados","status":"publish","type":"post","link":"https:\/\/eldiariodesanpedro.com.ar\/sitio\/la-modificacion-de-la-formula-de-aumento-a-jubilados\/","title":{"rendered":"La modificaci\u00f3n de la f\u00f3rmula de aumento a jubilados"},"content":{"rendered":"<p><!-- VideographyWP Plugin Message: Automatic video embedding prevented by plugin options. --><br \/>\nPuso al borde del fracaso la ley de ART<\/p>\n<p>El oficialismo en la C\u00e1mara de Diputados de la Naci\u00f3n convirti\u00f3 anoche en ley el proyecto del Poder Ejecutivo que modifica al sistema de Aseguradoras de Riesgos del Trabajo, el imponerse por 88 votos a favor, contra 22 negativos y 44 abstenciones.<\/p>\n<p>El proyecto de ley restringe los casos en los que corresponde iniciar acciones judiciales para obtener indemnizaciones laborales por enfermedad o incapacidad.<\/p>\n<p>Una jornada agitada<\/p>\n<p>La sorpresiva resoluci\u00f3n de la ANSES que modific\u00f3 el c\u00e1lculo de actualizaci\u00f3n de la movilidad jubilatoria puso a la reforma de la Ley de Riesgos de Trabajo al borde del fracaso. La oposici\u00f3n estall\u00f3 en el recinto tras conocerse la decisi\u00f3n del director del \u00f3rgano, Emilio Basavilbaso, y puso en peligro la votaci\u00f3n del proyecto, que finalmente result\u00f3 positiva.<\/p>\n<p>Tras la difusi\u00f3n de la medida, esta tarde, el enojo fue en ascenso y se transmiti\u00f3 de bancada en bancada. Como resultado, el Frente Renovador de Sergio Massa y el bloque Justicialista de Diego Bossio y Oscar Romero anunciaron que se abstendr\u00edan de votar la ley de ART, mientras el jefe del Pro, Nicol\u00e1s Massot, corr\u00eda entre las bancas en desesperaci\u00f3n por el n\u00famero.<\/p>\n<p>Los diputados del Frente para la Victoria-PJ, liderados por H\u00e9ctor Recalde, tomaron otra decisi\u00f3n: a sabiendas de que con sus votos en contra no alcanzaba \u2013les faltaba casi una decena-, se pararon de sus bancas y, a los gritos, instaron al resto de los bloques a hacer lo mismo. \u201c\u00a1Si la oposici\u00f3n se levanta se cae la ley!\u201d, alentaba Adri\u00e1n Grana, desde uno de los v\u00e9rtices del recinto.<\/p>\n<p>Las abstenciones del FR y el BJ fueron 44, pero no alcanz\u00f3: Cambiemos reuni\u00f3 88 votos afirmativos y ese n\u00famero le bast\u00f3 para sancionar la ley, dado que los rechazos fueron apenas 22, del progresismo, la izquierda y el Movimiento Evita. En las bancas oficialistas se respir\u00f3 un alivio instant\u00e1neo.<\/p>\n<p>Las acusaciones cruzadas en los pasillos no tardaron en llegar. Massa, quien no se pronunci\u00f3 en el recinto, acus\u00f3 al FpV-PJ de haber garantizado con su ausencia el triunfo de Cambiemos. \u201cLos salv\u00f3 el kirchnerismo, es incre\u00edble\u201d, manifestaba, at\u00f3nito. Pero la respuesta del kirchnerismo fue otra: \u201cEsta ley se votaba con el culo, no con la mano\u201d, grafic\u00f3, la secretaria parlamentaria del bloque, Teresa Garc\u00eda.<\/p>\n<p>En un clima de desconcierto, los l\u00edderes del oficialismo -Nicol\u00e1s Massot, el radical Mario Negri y CC Fernando S\u00e1nchez- reaccionaron con un llamado telef\u00f3nico inmediato al propio presidente Mauricio Macri, quien se comprometi\u00f3 a dejar sin efecto la resoluci\u00f3n.<\/p>\n<p>La l\u00edder de la Coalici\u00f3n C\u00edvica, Elisa Carri\u00f3, enfurecida en los pasillos de Diputados formul\u00f3 a los gritos su amenaza: \u201c\u00a1Si no dan de baja la resoluci\u00f3n, le pido la renuncia a Basavilbaso o a quien sea! \u00a1Que aprendan las reglas de la \u00e9tica, la puta que los pari\u00f3!\u201d, exclam\u00f3, mientras se dirig\u00eda a la salida.<\/p>\n<p>Ernesto Martinchuk<\/p>\n<p>Periodista Parlamentario<\/p>\n","protected":false},"excerpt":{"rendered":"<p>Puso al borde del fracaso la ley de ART El oficialismo en la C\u00e1mara de Diputados de la Naci\u00f3n convirti\u00f3 anoche en ley el proyecto del Poder Ejecutivo que modifica al sistema de Aseguradoras de Riesgos del Trabajo, el imponerse por 88 votos a favor, contra 22 negativos y 44 abstenciones. El proyecto de ley [&hellip;]<\/p>\n","protected":false},"author":4,"featured_media":3600,"comment_status":"open","ping_status":"closed","sticky":false,"template":"","format":"standard","meta":{"om_disable_all_campaigns":false,"_jetpack_memberships_contains_paid_content":false,"footnotes":""},"categories":[3],"tags":[],"class_list":["post-14883","post","type-post","status-publish","format-standard","has-post-thumbnail","hentry","category-nacionales"],"aioseo_notices":[],"gutentor_comment":0,"jetpack_featured_media_url":"https:\/\/eldiariodesanpedro.com.ar\/sitio\/wp-content\/uploads\/2016\/04\/jubilados.jpg","jetpack_shortlink":"https:\/\/wp.me\/p6RhLt-3S3","jetpack_sharing_enabled":true,"_links":{"self":[{"href":"https:\/\/eldiariodesanpedro.com.ar\/sitio\/wp-json\/wp\/v2\/posts\/14883","targetHints":{"allow":["GET"]}}],"collection":[{"href":"https:\/\/eldiariodesanpedro.com.ar\/sitio\/wp-json\/wp\/v2\/posts"}],"about":[{"href":"https:\/\/eldiariodesanpedro.com.ar\/sitio\/wp-json\/wp\/v2\/types\/post"}],"author":[{"embeddable":true,"href":"https:\/\/eldiariodesanpedro.com.ar\/sitio\/wp-json\/wp\/v2\/users\/4"}],"replies":[{"embeddable":true,"href":"https:\/\/eldiariodesanpedro.com.ar\/sitio\/wp-json\/wp\/v2\/comments?post=14883"}],"version-history":[{"count":2,"href":"https:\/\/eldiariodesanpedro.com.ar\/sitio\/wp-json\/wp\/v2\/posts\/14883\/revisions"}],"predecessor-version":[{"id":14885,"href":"https:\/\/eldiariodesanpedro.com.ar\/sitio\/wp-json\/wp\/v2\/posts\/14883\/revisions\/14885"}],"wp:featuredmedia":[{"embeddable":true,"href":"https:\/\/eldiariodesanpedro.com.ar\/sitio\/wp-json\/wp\/v2\/media\/3600"}],"wp:attachment":[{"href":"https:\/\/eldiariodesanpedro.com.ar\/sitio\/wp-json\/wp\/v2\/media?parent=14883"}],"wp:term":[{"taxonomy":"category","embeddable":true,"href":"https:\/\/eldiariodesanpedro.com.ar\/sitio\/wp-json\/wp\/v2\/categories?post=14883"},{"taxonomy":"post_tag","embeddable":true,"href":"https:\/\/eldiariodesanpedro.com.ar\/sitio\/wp-json\/wp\/v2\/tags?post=14883"}],"curies":[{"name":"wp","href":"https:\/\/api.w.org\/{rel}","templated":true}]}}