{"id":148814,"date":"2026-03-14T16:22:56","date_gmt":"2026-03-14T19:22:56","guid":{"rendered":"https:\/\/eldiariodesanpedro.com.ar\/sitio\/?p=148814"},"modified":"2026-03-14T16:23:00","modified_gmt":"2026-03-14T19:23:00","slug":"fallecio-margarita-rosa-a-los-86-anos","status":"publish","type":"post","link":"https:\/\/eldiariodesanpedro.com.ar\/sitio\/fallecio-margarita-rosa-a-los-86-anos\/","title":{"rendered":"Falleci\u00f3 Margarita Rosa a los 86 a\u00f1os"},"content":{"rendered":"<!-- VideographyWP Plugin Message: Automatic video embedding prevented by plugin options. -->\n\n<p>La vecina Margarita Rosa falleci\u00f3 a los 86 a\u00f1os. Sus restos son velados en R\u00edo Tala y el servicio se extender\u00e1 hasta la ma\u00f1ana del domingo 15 de marzo.<\/p>\n\n\n\n<p>La comunidad de <strong>R\u00edo Tala<\/strong> despide con pesar a <strong>Margarita Rosa<\/strong>, quien <strong>falleci\u00f3 a los 86 a\u00f1os<\/strong>, seg\u00fan se inform\u00f3 a trav\u00e9s del parte difundido por <strong>Coopser Servicios Sociales<\/strong>.<\/p>\n\n\n\n<p>Sus restos son velados en la <strong>Sala Velatoria N\u00b0 1 de R\u00edo Tala<\/strong>, ubicada en <strong>G\u00fcemes y Belgrano<\/strong>, donde familiares, amigos y vecinos se acercan para brindarle el \u00faltimo adi\u00f3s.<\/p>\n\n\n\n<p>De acuerdo con la informaci\u00f3n brindada, <strong>el servicio velatorio se realizar\u00e1 hasta las 10:30 horas del domingo 15 de marzo de 2026<\/strong>.<\/p>\n\n\n\n<p>Desde su entorno destacaron el acompa\u00f1amiento de la comunidad en este momento de despedida, mientras allegados y conocidos expresan sus condolencias a la familia.<\/p>\n\n\n\n<p>#Necrol\u00f3gica #Fallecimiento #R\u00edoTala #SanPedro #Coopser #Despedida #Comunidad<\/p>\n","protected":false},"excerpt":{"rendered":"<p>La vecina Margarita Rosa falleci\u00f3 a los 86 a\u00f1os. Sus restos son velados en R\u00edo Tala y el servicio se extender\u00e1 hasta la ma\u00f1ana del domingo 15 de marzo. La comunidad de R\u00edo Tala despide con pesar a Margarita Rosa, quien falleci\u00f3 a los 86 a\u00f1os, seg\u00fan se inform\u00f3 a trav\u00e9s del parte difundido por [&hellip;]<\/p>\n","protected":false},"author":4,"featured_media":113757,"comment_status":"closed","ping_status":"closed","sticky":false,"template":"","format":"standard","meta":{"om_disable_all_campaigns":false,"_jetpack_memberships_contains_paid_content":false,"footnotes":""},"categories":[8424],"tags":[5113,9262,9264,9265,9266,9267],"class_list":["post-148814","post","type-post","status-publish","format-standard","has-post-thumbnail","hentry","category-necrologicas","tag-coopser-servicios-sociales","tag-fallecidos-san-pedro","tag-fallecimiento-margarita-rosa","tag-margarita-rosa","tag-necrologica-rio-tala","tag-velatorio-rio-tala"],"aioseo_notices":[],"gutentor_comment":0,"jetpack_featured_media_url":"https:\/\/eldiariodesanpedro.com.ar\/sitio\/wp-content\/uploads\/2023\/01\/necrologicas.jpg","jetpack_shortlink":"https:\/\/wp.me\/p6RhLt-CIe","jetpack_sharing_enabled":true,"_links":{"self":[{"href":"https:\/\/eldiariodesanpedro.com.ar\/sitio\/wp-json\/wp\/v2\/posts\/148814","targetHints":{"allow":["GET"]}}],"collection":[{"href":"https:\/\/eldiariodesanpedro.com.ar\/sitio\/wp-json\/wp\/v2\/posts"}],"about":[{"href":"https:\/\/eldiariodesanpedro.com.ar\/sitio\/wp-json\/wp\/v2\/types\/post"}],"author":[{"embeddable":true,"href":"https:\/\/eldiariodesanpedro.com.ar\/sitio\/wp-json\/wp\/v2\/users\/4"}],"replies":[{"embeddable":true,"href":"https:\/\/eldiariodesanpedro.com.ar\/sitio\/wp-json\/wp\/v2\/comments?post=148814"}],"version-history":[{"count":1,"href":"https:\/\/eldiariodesanpedro.com.ar\/sitio\/wp-json\/wp\/v2\/posts\/148814\/revisions"}],"predecessor-version":[{"id":148815,"href":"https:\/\/eldiariodesanpedro.com.ar\/sitio\/wp-json\/wp\/v2\/posts\/148814\/revisions\/148815"}],"wp:featuredmedia":[{"embeddable":true,"href":"https:\/\/eldiariodesanpedro.com.ar\/sitio\/wp-json\/wp\/v2\/media\/113757"}],"wp:attachment":[{"href":"https:\/\/eldiariodesanpedro.com.ar\/sitio\/wp-json\/wp\/v2\/media?parent=148814"}],"wp:term":[{"taxonomy":"category","embeddable":true,"href":"https:\/\/eldiariodesanpedro.com.ar\/sitio\/wp-json\/wp\/v2\/categories?post=148814"},{"taxonomy":"post_tag","embeddable":true,"href":"https:\/\/eldiariodesanpedro.com.ar\/sitio\/wp-json\/wp\/v2\/tags?post=148814"}],"curies":[{"name":"wp","href":"https:\/\/api.w.org\/{rel}","templated":true}]}}