{"id":148812,"date":"2026-03-14T16:19:12","date_gmt":"2026-03-14T19:19:12","guid":{"rendered":"https:\/\/eldiariodesanpedro.com.ar\/sitio\/?p=148812"},"modified":"2026-03-14T16:19:16","modified_gmt":"2026-03-14T19:19:16","slug":"fallecio-teresa-aran-a-los-80-anos","status":"publish","type":"post","link":"https:\/\/eldiariodesanpedro.com.ar\/sitio\/fallecio-teresa-aran-a-los-80-anos\/","title":{"rendered":"Falleci\u00f3 Teresa Aran a los 80 a\u00f1os"},"content":{"rendered":"<!-- VideographyWP Plugin Message: Automatic video embedding prevented by plugin options. -->\n\n<p>Falleci\u00f3 Teresa Aran a los 80 a\u00f1os. Sus restos son velados en la sala N\u00b01 de Santa Luc\u00eda y el servicio se extender\u00e1 hasta las 15:30 de este 14 de marzo.<\/p>\n\n\n\n<p><strong>Teresa Aran falleci\u00f3 a los 80 a\u00f1os<\/strong> y su partida gener\u00f3 profundo pesar entre familiares, amigos y vecinos que la conocieron a lo largo de su vida.<\/p>\n\n\n\n<p>La despedida se realiza en la <strong>sala velatoria N\u00b01 de Santa Luc\u00eda<\/strong>, donde familiares y allegados se acercan para brindarle el \u00faltimo adi\u00f3s. El servicio de velatorio se extender\u00e1 <strong>hasta las 15:30 horas de este 14 de marzo de 2026<\/strong>.<\/p>\n\n\n\n<p>Desde <strong>Coopser Servicios Sociales<\/strong> informaron que el velatorio tiene lugar en la sala ubicada en <strong>Sarmiento 536 de Santa Luc\u00eda<\/strong>, acompa\u00f1ando a la familia en este momento de dolor.<\/p>\n\n\n\n<p>La comunidad acompa\u00f1a a sus seres queridos en estas horas dif\u00edciles, recordando a <strong>Teresa Aran con afecto y respeto<\/strong>.<\/p>\n\n\n\n<p>#Necrol\u00f3gica #Fallecimiento #TeresaAran #SantaLuc\u00eda #SanPedro #Coopser #Noticias<\/p>\n","protected":false},"excerpt":{"rendered":"<p>Falleci\u00f3 Teresa Aran a los 80 a\u00f1os. Sus restos son velados en la sala N\u00b01 de Santa Luc\u00eda y el servicio se extender\u00e1 hasta las 15:30 de este 14 de marzo. Teresa Aran falleci\u00f3 a los 80 a\u00f1os y su partida gener\u00f3 profundo pesar entre familiares, amigos y vecinos que la conocieron a lo largo [&hellip;]<\/p>\n","protected":false},"author":4,"featured_media":113757,"comment_status":"closed","ping_status":"closed","sticky":false,"template":"","format":"standard","meta":{"om_disable_all_campaigns":false,"_jetpack_memberships_contains_paid_content":false,"footnotes":""},"categories":[8424],"tags":[5113,9262,9261,9260,9263,7395,9259],"class_list":["post-148812","post","type-post","status-publish","format-standard","has-post-thumbnail","hentry","category-necrologicas","tag-coopser-servicios-sociales","tag-fallecidos-san-pedro","tag-fallecimiento-teresa-aran","tag-necrologica-santa-lucia","tag-noticias-santa-lucia","tag-obituario","tag-teresa-aran"],"aioseo_notices":[],"gutentor_comment":0,"jetpack_featured_media_url":"https:\/\/eldiariodesanpedro.com.ar\/sitio\/wp-content\/uploads\/2023\/01\/necrologicas.jpg","jetpack_shortlink":"https:\/\/wp.me\/p6RhLt-CIc","jetpack_sharing_enabled":true,"_links":{"self":[{"href":"https:\/\/eldiariodesanpedro.com.ar\/sitio\/wp-json\/wp\/v2\/posts\/148812","targetHints":{"allow":["GET"]}}],"collection":[{"href":"https:\/\/eldiariodesanpedro.com.ar\/sitio\/wp-json\/wp\/v2\/posts"}],"about":[{"href":"https:\/\/eldiariodesanpedro.com.ar\/sitio\/wp-json\/wp\/v2\/types\/post"}],"author":[{"embeddable":true,"href":"https:\/\/eldiariodesanpedro.com.ar\/sitio\/wp-json\/wp\/v2\/users\/4"}],"replies":[{"embeddable":true,"href":"https:\/\/eldiariodesanpedro.com.ar\/sitio\/wp-json\/wp\/v2\/comments?post=148812"}],"version-history":[{"count":1,"href":"https:\/\/eldiariodesanpedro.com.ar\/sitio\/wp-json\/wp\/v2\/posts\/148812\/revisions"}],"predecessor-version":[{"id":148813,"href":"https:\/\/eldiariodesanpedro.com.ar\/sitio\/wp-json\/wp\/v2\/posts\/148812\/revisions\/148813"}],"wp:featuredmedia":[{"embeddable":true,"href":"https:\/\/eldiariodesanpedro.com.ar\/sitio\/wp-json\/wp\/v2\/media\/113757"}],"wp:attachment":[{"href":"https:\/\/eldiariodesanpedro.com.ar\/sitio\/wp-json\/wp\/v2\/media?parent=148812"}],"wp:term":[{"taxonomy":"category","embeddable":true,"href":"https:\/\/eldiariodesanpedro.com.ar\/sitio\/wp-json\/wp\/v2\/categories?post=148812"},{"taxonomy":"post_tag","embeddable":true,"href":"https:\/\/eldiariodesanpedro.com.ar\/sitio\/wp-json\/wp\/v2\/tags?post=148812"}],"curies":[{"name":"wp","href":"https:\/\/api.w.org\/{rel}","templated":true}]}}