{"id":148806,"date":"2026-03-14T15:20:34","date_gmt":"2026-03-14T18:20:34","guid":{"rendered":"https:\/\/eldiariodesanpedro.com.ar\/sitio\/?p=148806"},"modified":"2026-03-14T15:20:38","modified_gmt":"2026-03-14T18:20:38","slug":"detuvieron-a-dos-hombres-con-pedidos-de-captura-durante-controles-de-rutina","status":"publish","type":"post","link":"https:\/\/eldiariodesanpedro.com.ar\/sitio\/detuvieron-a-dos-hombres-con-pedidos-de-captura-durante-controles-de-rutina\/","title":{"rendered":"Detuvieron a dos hombres con pedidos de captura durante controles de rutina"},"content":{"rendered":"<!-- VideographyWP Plugin Message: Automatic video embedding prevented by plugin options. -->\n\n<p>Dos hombres de <strong>39 y 24 a\u00f1os fueron aprehendidos durante controles de identificaci\u00f3n en distintos puntos de la ciudad<\/strong>, al constatarse que ambos registraban <strong>impedimentos legales vigentes solicitados por la Justicia de San Nicol\u00e1s<\/strong>.<\/p>\n\n\n\n<p>Durante operativos de identificaci\u00f3n realizados en distintos sectores de la ciudad, <strong>personal policial procedi\u00f3 a la aprehensi\u00f3n de dos hombres que registraban pedidos de captura activos<\/strong>, emitidos por autoridades judiciales del Departamento Judicial San Nicol\u00e1s.<\/p>\n\n\n\n<p>El primero de los procedimientos se concret\u00f3 cuando los efectivos identificaron a <strong>un masculino de 39 a\u00f1os<\/strong>, sobre quien pesaba <strong>un pedido de captura activo solicitado por el Juzgado en lo Correccional N\u00b01 de San Nicol\u00e1s<\/strong>. La medida judicial estaba vinculada a una causa por <strong>\u201cviolaci\u00f3n de domicilio, amenazas agravadas y desobediencia\u201d<\/strong>.<\/p>\n\n\n\n<p>Posteriormente, en otro control efectuado en la v\u00eda p\u00fablica, <strong>los uniformados identificaron a un segundo hombre de 24 a\u00f1os<\/strong>, quien tambi\u00e9n presentaba <strong>un impedimento legal vigente requerido por el Juzgado de Garant\u00edas N\u00b02 de San Nicol\u00e1s<\/strong>, en el marco de una causa caratulada como <strong>\u201churto\u201d<\/strong>.<\/p>\n\n\n\n<p>Tras ser trasladados a la dependencia policial correspondiente, <strong>ambos individuos fueron notificados de la resoluci\u00f3n judicial relacionada con sus causas<\/strong>, tras lo cual se cumplimentaron las actuaciones de rigor.<\/p>\n\n\n\n<p>Luego de las diligencias correspondientes, <strong>los dos hombres recuperaron la libertad tras regularizar su situaci\u00f3n procesal<\/strong>, conforme a lo dispuesto por las autoridades judiciales intervinientes.<\/p>\n\n\n\n<p>#Policiales #SanPedro #Aprehendidos #PedidoDeCaptura #OperativoPolicial #Seguridad #Policia #SanNicolas<\/p>\n","protected":false},"excerpt":{"rendered":"<p>Dos hombres de 39 y 24 a\u00f1os fueron aprehendidos durante controles de identificaci\u00f3n en distintos puntos de la ciudad, al constatarse que ambos registraban impedimentos legales vigentes solicitados por la Justicia de San Nicol\u00e1s. Durante operativos de identificaci\u00f3n realizados en distintos sectores de la ciudad, personal policial procedi\u00f3 a la aprehensi\u00f3n de dos hombres que [&hellip;]<\/p>\n","protected":false},"author":4,"featured_media":148807,"comment_status":"closed","ping_status":"closed","sticky":false,"template":"","format":"standard","meta":{"om_disable_all_campaigns":false,"_jetpack_memberships_contains_paid_content":false,"footnotes":""},"categories":[2,103],"tags":[],"class_list":["post-148806","post","type-post","status-publish","format-standard","has-post-thumbnail","hentry","category-locales","category-policiales-locales"],"aioseo_notices":[],"gutentor_comment":0,"jetpack_featured_media_url":"https:\/\/eldiariodesanpedro.com.ar\/sitio\/wp-content\/uploads\/2026\/03\/Gemini_Generated_Image_mycqzwmycqzwmycq.jpg","jetpack_shortlink":"https:\/\/wp.me\/p6RhLt-CI6","jetpack_sharing_enabled":true,"_links":{"self":[{"href":"https:\/\/eldiariodesanpedro.com.ar\/sitio\/wp-json\/wp\/v2\/posts\/148806","targetHints":{"allow":["GET"]}}],"collection":[{"href":"https:\/\/eldiariodesanpedro.com.ar\/sitio\/wp-json\/wp\/v2\/posts"}],"about":[{"href":"https:\/\/eldiariodesanpedro.com.ar\/sitio\/wp-json\/wp\/v2\/types\/post"}],"author":[{"embeddable":true,"href":"https:\/\/eldiariodesanpedro.com.ar\/sitio\/wp-json\/wp\/v2\/users\/4"}],"replies":[{"embeddable":true,"href":"https:\/\/eldiariodesanpedro.com.ar\/sitio\/wp-json\/wp\/v2\/comments?post=148806"}],"version-history":[{"count":1,"href":"https:\/\/eldiariodesanpedro.com.ar\/sitio\/wp-json\/wp\/v2\/posts\/148806\/revisions"}],"predecessor-version":[{"id":148808,"href":"https:\/\/eldiariodesanpedro.com.ar\/sitio\/wp-json\/wp\/v2\/posts\/148806\/revisions\/148808"}],"wp:featuredmedia":[{"embeddable":true,"href":"https:\/\/eldiariodesanpedro.com.ar\/sitio\/wp-json\/wp\/v2\/media\/148807"}],"wp:attachment":[{"href":"https:\/\/eldiariodesanpedro.com.ar\/sitio\/wp-json\/wp\/v2\/media?parent=148806"}],"wp:term":[{"taxonomy":"category","embeddable":true,"href":"https:\/\/eldiariodesanpedro.com.ar\/sitio\/wp-json\/wp\/v2\/categories?post=148806"},{"taxonomy":"post_tag","embeddable":true,"href":"https:\/\/eldiariodesanpedro.com.ar\/sitio\/wp-json\/wp\/v2\/tags?post=148806"}],"curies":[{"name":"wp","href":"https:\/\/api.w.org\/{rel}","templated":true}]}}