{"id":148802,"date":"2026-03-13T17:27:37","date_gmt":"2026-03-13T20:27:37","guid":{"rendered":"https:\/\/eldiariodesanpedro.com.ar\/sitio\/?p=148802"},"modified":"2026-03-13T17:27:42","modified_gmt":"2026-03-13T20:27:42","slug":"arcor-discontinuo-una-linea-de-produccion-en-su-planta-y-reubico-a-11-trabajadores","status":"publish","type":"post","link":"https:\/\/eldiariodesanpedro.com.ar\/sitio\/arcor-discontinuo-una-linea-de-produccion-en-su-planta-y-reubico-a-11-trabajadores\/","title":{"rendered":"Arcor discontinu\u00f3 una l\u00ednea de producci\u00f3n en su planta y reubic\u00f3 a 11 trabajadores"},"content":{"rendered":"<!-- VideographyWP Plugin Message: Automatic video embedding prevented by plugin options. -->\n\n<p>La empresa Arcor dej\u00f3 de operar una l\u00ednea vinculada a la producci\u00f3n de crackers en su planta. Desde el sindicato confirmaron que no hubo despidos y el personal fue reubicado.<\/p>\n\n\n\n<p>La empresa <strong>Arcor decidi\u00f3 discontinuar una l\u00ednea de producci\u00f3n en su planta<\/strong>, una medida vinculada al proceso de <strong>faz\u00f3n de crackers que se elaboraban para la firma Bagley<\/strong>. La decisi\u00f3n empresarial implic\u00f3 el cierre de ese segmento espec\u00edfico dentro de la actividad de la f\u00e1brica.<\/p>\n\n\n\n<p>Desde el <strong>Sindicato de la Alimentaci\u00f3n<\/strong>, el representante <strong>Fabi\u00e1n Olivera<\/strong> explic\u00f3 que la modificaci\u00f3n afect\u00f3 a <strong>once trabajadores que se desempe\u00f1aban en esa l\u00ednea de producci\u00f3n<\/strong>. No obstante, aclar\u00f3 que <strong>no se registraron despidos<\/strong>, ya que todo el personal fue <strong>reubicado en distintos sectores de la planta<\/strong>.<\/p>\n\n\n\n<p>Seg\u00fan detall\u00f3 el dirigente gremial, la empresa reorganiz\u00f3 internamente las tareas para <strong>absorber a los empleados dentro de otras \u00e1reas operativas<\/strong>, garantizando as\u00ed la continuidad laboral de los trabajadores que formaban parte del proceso discontinuado.<\/p>\n\n\n\n<p>Olivera tambi\u00e9n advirti\u00f3 que el <strong>impacto podr\u00eda observarse a mediano plazo en la incorporaci\u00f3n de nuevo personal<\/strong>. Explic\u00f3 que, a medida que se produzcan <strong>jubilaciones o retiros anticipados acordados entre la empresa y los trabajadores<\/strong>, esos puestos <strong>no ser\u00e1n cubiertos hasta compensar los once lugares que dej\u00f3 vacantes la l\u00ednea de producci\u00f3n que dej\u00f3 de funcionar<\/strong>.<\/p>\n\n\n\n<p>De esta manera, la medida implica <strong>una reorganizaci\u00f3n interna en la planta<\/strong>, sin afectar por el momento la estabilidad laboral del personal que se desempe\u00f1aba en el sector vinculado a la producci\u00f3n de crackers.<\/p>\n\n\n\n<p>#Arcor #IndustriaAlimenticia #Trabajo #Produccion #IndustriaArgentina #SindicatoAlimentacion #Economia #Empresas #Bagley<\/p>\n","protected":false},"excerpt":{"rendered":"<p>La empresa Arcor dej\u00f3 de operar una l\u00ednea vinculada a la producci\u00f3n de crackers en su planta. Desde el sindicato confirmaron que no hubo despidos y el personal fue reubicado. La empresa Arcor decidi\u00f3 discontinuar una l\u00ednea de producci\u00f3n en su planta, una medida vinculada al proceso de faz\u00f3n de crackers que se elaboraban para [&hellip;]<\/p>\n","protected":false},"author":4,"featured_media":148803,"comment_status":"closed","ping_status":"closed","sticky":false,"template":"","format":"standard","meta":{"om_disable_all_campaigns":false,"_jetpack_memberships_contains_paid_content":false,"footnotes":""},"categories":[2],"tags":[],"class_list":["post-148802","post","type-post","status-publish","format-standard","has-post-thumbnail","hentry","category-locales"],"aioseo_notices":[],"gutentor_comment":0,"jetpack_featured_media_url":"https:\/\/eldiariodesanpedro.com.ar\/sitio\/wp-content\/uploads\/2026\/03\/Arcor.jpg","jetpack_shortlink":"https:\/\/wp.me\/p6RhLt-CI2","jetpack_sharing_enabled":true,"_links":{"self":[{"href":"https:\/\/eldiariodesanpedro.com.ar\/sitio\/wp-json\/wp\/v2\/posts\/148802","targetHints":{"allow":["GET"]}}],"collection":[{"href":"https:\/\/eldiariodesanpedro.com.ar\/sitio\/wp-json\/wp\/v2\/posts"}],"about":[{"href":"https:\/\/eldiariodesanpedro.com.ar\/sitio\/wp-json\/wp\/v2\/types\/post"}],"author":[{"embeddable":true,"href":"https:\/\/eldiariodesanpedro.com.ar\/sitio\/wp-json\/wp\/v2\/users\/4"}],"replies":[{"embeddable":true,"href":"https:\/\/eldiariodesanpedro.com.ar\/sitio\/wp-json\/wp\/v2\/comments?post=148802"}],"version-history":[{"count":2,"href":"https:\/\/eldiariodesanpedro.com.ar\/sitio\/wp-json\/wp\/v2\/posts\/148802\/revisions"}],"predecessor-version":[{"id":148805,"href":"https:\/\/eldiariodesanpedro.com.ar\/sitio\/wp-json\/wp\/v2\/posts\/148802\/revisions\/148805"}],"wp:featuredmedia":[{"embeddable":true,"href":"https:\/\/eldiariodesanpedro.com.ar\/sitio\/wp-json\/wp\/v2\/media\/148803"}],"wp:attachment":[{"href":"https:\/\/eldiariodesanpedro.com.ar\/sitio\/wp-json\/wp\/v2\/media?parent=148802"}],"wp:term":[{"taxonomy":"category","embeddable":true,"href":"https:\/\/eldiariodesanpedro.com.ar\/sitio\/wp-json\/wp\/v2\/categories?post=148802"},{"taxonomy":"post_tag","embeddable":true,"href":"https:\/\/eldiariodesanpedro.com.ar\/sitio\/wp-json\/wp\/v2\/tags?post=148802"}],"curies":[{"name":"wp","href":"https:\/\/api.w.org\/{rel}","templated":true}]}}