{"id":14880,"date":"2017-02-17T13:18:32","date_gmt":"2017-02-17T16:18:32","guid":{"rendered":"https:\/\/eldiariodesanpedro.com.ar\/sitio\/?p=14880"},"modified":"2017-02-17T13:18:32","modified_gmt":"2017-02-17T16:18:32","slug":"realizan-obras-para-el-inicio-de-clases-en-las-escuelas-de-la-emilia","status":"publish","type":"post","link":"https:\/\/eldiariodesanpedro.com.ar\/sitio\/realizan-obras-para-el-inicio-de-clases-en-las-escuelas-de-la-emilia\/","title":{"rendered":"Realizan obras para el inicio de clases en las escuelas de La Emilia"},"content":{"rendered":"<p><!-- VideographyWP Plugin Message: Automatic video embedding prevented by plugin options. --><br \/>\nA trav\u00e9s de un plan de obras de Educaci\u00f3n bonaerense, se est\u00e1n realizando trabajos de recomposici\u00f3n ante la dif\u00edcil situaci\u00f3n de los establecimientos educativos del distrito de San Nicol\u00e1s, que sufrieron considerables da\u00f1os tras el temporal del pasado 15 de enero. En este contexto, las prioridades son la puesta en valor de las escuelas y la provisi\u00f3n del mobiliario da\u00f1ado.<\/p>\n<p>La Escuela T\u00e9cnica 5 de La Emilia fue una de las m\u00e1s perjudicadas de la regi\u00f3n, con 3 aulas afectadas y con la p\u00e9rdida de mobiliario para 400 alumnos (pupitres, sillas, escritorios, pizarrones y computadoras). La instituci\u00f3n recibir\u00e1 un subsidio de 1 mill\u00f3n de pesos para reacondicionar los espacios y renovar los muebles escolares, y a su vez, contar\u00e1 con la asistencia y el asesoramiento del \u00e1rea de Educaci\u00f3n T\u00e9cnica para la ejecuci\u00f3n de las obras.<\/p>\n<p>En tanto en el Jard\u00edn de Infantes 904 de la misma localidad, la Direcci\u00f3n Infraestructura Escolar a trav\u00e9s de un convenio con la empresa Pampa Energ\u00eda, desarrollar\u00e1 la totalidad de las obras y el reemplazo del equipamiento afectado, por un monto total de 225 mil pesos. El detalle corresponde al arreglo de pisos, trabajos de carpinter\u00eda, reparaciones en la cocina del Jard\u00edn, y tareas de instalaciones el\u00e9ctricas, de gas, limpieza de pluviales y trabajos de pintura en todo el edificio.<\/p>\n<p>Con respecto a la Secundaria 8 y la Primaria 18, Educaci\u00f3n tras la r\u00fabrica de un acuerdo con la firma Laiquen SRL realiz\u00f3 las inspecciones y el relevamiento en ambas instituciones para dar inicio a las obras con el objetivo de comenzar en tiempo y forma las clases. Al mismo tiempo, se proveer\u00e1 a estas dos instituciones la totalidad del mobiliario escolar una vez finalizadas las tareas a fin de preservar su estado.<\/p>\n<p>En cuanto a la Primaria 3, que comparte edificio con el Jard\u00edn de Infantes Rural 1 del Paraje Villa Hermosa, ser\u00e1  relocalizada ya que se encuentra en una zona inundable y de alto riesgo.<\/p>\n<p>Es importante destacar la colaboraci\u00f3n de la poblaci\u00f3n y de las familias de los alumnos que concurren a esas escuelas, los que al igual que los miembros de las inspecciones regionales y distritales han trabajado y colaborado para dar respuesta a la dif\u00edcil situaci\u00f3n.<\/p>\n","protected":false},"excerpt":{"rendered":"<p>A trav\u00e9s de un plan de obras de Educaci\u00f3n bonaerense, se est\u00e1n realizando trabajos de recomposici\u00f3n ante la dif\u00edcil situaci\u00f3n de los establecimientos educativos del distrito de San Nicol\u00e1s, que sufrieron considerables da\u00f1os tras el temporal del pasado 15 de enero. En este contexto, las prioridades son la puesta en valor de las escuelas y [&hellip;]<\/p>\n","protected":false},"author":4,"featured_media":14881,"comment_status":"open","ping_status":"closed","sticky":false,"template":"","format":"standard","meta":{"om_disable_all_campaigns":false,"_jetpack_memberships_contains_paid_content":false,"footnotes":""},"categories":[621],"tags":[],"class_list":["post-14880","post","type-post","status-publish","format-standard","has-post-thumbnail","hentry","category-regionales"],"aioseo_notices":[],"gutentor_comment":0,"jetpack_featured_media_url":"https:\/\/eldiariodesanpedro.com.ar\/sitio\/wp-content\/uploads\/2017\/02\/la-emilia.jpg","jetpack_shortlink":"https:\/\/wp.me\/p6RhLt-3S0","jetpack_sharing_enabled":true,"_links":{"self":[{"href":"https:\/\/eldiariodesanpedro.com.ar\/sitio\/wp-json\/wp\/v2\/posts\/14880","targetHints":{"allow":["GET"]}}],"collection":[{"href":"https:\/\/eldiariodesanpedro.com.ar\/sitio\/wp-json\/wp\/v2\/posts"}],"about":[{"href":"https:\/\/eldiariodesanpedro.com.ar\/sitio\/wp-json\/wp\/v2\/types\/post"}],"author":[{"embeddable":true,"href":"https:\/\/eldiariodesanpedro.com.ar\/sitio\/wp-json\/wp\/v2\/users\/4"}],"replies":[{"embeddable":true,"href":"https:\/\/eldiariodesanpedro.com.ar\/sitio\/wp-json\/wp\/v2\/comments?post=14880"}],"version-history":[{"count":1,"href":"https:\/\/eldiariodesanpedro.com.ar\/sitio\/wp-json\/wp\/v2\/posts\/14880\/revisions"}],"predecessor-version":[{"id":14882,"href":"https:\/\/eldiariodesanpedro.com.ar\/sitio\/wp-json\/wp\/v2\/posts\/14880\/revisions\/14882"}],"wp:featuredmedia":[{"embeddable":true,"href":"https:\/\/eldiariodesanpedro.com.ar\/sitio\/wp-json\/wp\/v2\/media\/14881"}],"wp:attachment":[{"href":"https:\/\/eldiariodesanpedro.com.ar\/sitio\/wp-json\/wp\/v2\/media?parent=14880"}],"wp:term":[{"taxonomy":"category","embeddable":true,"href":"https:\/\/eldiariodesanpedro.com.ar\/sitio\/wp-json\/wp\/v2\/categories?post=14880"},{"taxonomy":"post_tag","embeddable":true,"href":"https:\/\/eldiariodesanpedro.com.ar\/sitio\/wp-json\/wp\/v2\/tags?post=14880"}],"curies":[{"name":"wp","href":"https:\/\/api.w.org\/{rel}","templated":true}]}}