{"id":148799,"date":"2026-03-13T17:16:10","date_gmt":"2026-03-13T20:16:10","guid":{"rendered":"https:\/\/eldiariodesanpedro.com.ar\/sitio\/?p=148799"},"modified":"2026-03-13T17:16:15","modified_gmt":"2026-03-13T20:16:15","slug":"a-50-anos-del-golpe-de-estado-anuncian-actividades-por-la-memoria-verdad-y-justicia","status":"publish","type":"post","link":"https:\/\/eldiariodesanpedro.com.ar\/sitio\/a-50-anos-del-golpe-de-estado-anuncian-actividades-por-la-memoria-verdad-y-justicia\/","title":{"rendered":"A 50 a\u00f1os del golpe de Estado, anuncian actividades por la memoria, verdad y justicia"},"content":{"rendered":"<!-- VideographyWP Plugin Message: Automatic video embedding prevented by plugin options. -->\n\n<p>En el marco del 50\u00b0 aniversario del golpe de Estado de 1976, organizaciones de derechos humanos impulsan en la ciudad una agenda de actividades culturales, educativas y conmemorativas.<\/p>\n\n\n\n<p>En el marco del <strong>50\u00b0 aniversario del golpe de Estado del 24 de marzo de 1976<\/strong>, la <strong>Mesa por la Memoria, la Verdad y la Justicia<\/strong> anunci\u00f3 una serie de actividades que se desarrollar\u00e1n durante marzo y a lo largo del a\u00f1o con el objetivo de <strong>mantener viva la memoria hist\u00f3rica y reafirmar el compromiso con los derechos humanos<\/strong>.<\/p>\n\n\n\n<p>Desde la organizaci\u00f3n destacaron que estas acciones buscan <strong>recordar a las v\u00edctimas del terrorismo de Estado y fortalecer los valores de memoria, verdad y justicia<\/strong>, pilares que sostienen desde hace d\u00e9cadas junto a distintos organismos y sectores de la comunidad.<\/p>\n\n\n\n<p>A trav\u00e9s de un comunicado, se\u00f1alaron que contin\u00faan <strong>\u201cmanteniendo encendida la lucha por la Memoria, la Verdad y la Justicia\u201d<\/strong>, resaltando el legado de quienes impulsaron estos reclamos a lo largo del tiempo y el compromiso de seguir adelante con esas banderas.<\/p>\n\n\n\n<p>En ese contexto, indicaron que la consigna nacional para este a\u00f1o, impulsada por distintos organismos de derechos humanos, ser\u00e1 <strong>\u201cA 50 a\u00f1os, 50 acciones\u201d<\/strong>, promoviendo distintas iniciativas en todo el pa\u00eds.<\/p>\n\n\n\n<p>Las actividades previstas comenzar\u00e1n durante el mes de marzo con propuestas culturales, encuentros conmemorativos y espacios de reflexi\u00f3n abiertos a la comunidad.<\/p>\n\n\n\n<p>El <strong>14 de marzo<\/strong> se realizar\u00e1 la actividad <strong>\u201cPalestina: existir es resistir \u2013 Memoria de la Nakba\u201d<\/strong>, prevista para las <strong>19:00 en la Casa Cultural Canaletas<\/strong>, ubicada en Juan Ismael Gim\u00e9nez 1401.<\/p>\n\n\n\n<p>El <strong>17 de marzo<\/strong> tendr\u00e1 lugar el encuentro <strong>\u201cRecordamos a Marcelo\u201d<\/strong>, en referencia al sampedrino desaparecido <strong>Marcelo Butti<\/strong>. La convocatoria ser\u00e1 a las <strong>19:00 en Plaza Belgrano<\/strong>, junto a la baldosa que recuerda su historia.<\/p>\n\n\n\n<p>El <strong>22 de marzo<\/strong> se llevar\u00e1 adelante la jornada <strong>\u201cMemoria, Verdad y Justicia con las infancias\u201d<\/strong>, destinada a ni\u00f1os, ni\u00f1as y adolescentes junto a sus familias. La actividad incluir\u00e1 <strong>intervenciones en pa\u00f1uelos blancos, lectura teatralizada de cuentos prohibidos durante la dictadura, confecci\u00f3n de siluetas, m\u00fasica y teatro<\/strong>. Se realizar\u00e1 desde las <strong>18:00 en Plaza Belgrano<\/strong>.<\/p>\n\n\n\n<p>El <strong>23 de marzo<\/strong>, en la previa del D\u00eda Nacional de la Memoria por la Verdad y la Justicia, se desarrollar\u00e1 un <strong>festival y vigilia con lectura de poemas, m\u00fasica en vivo de artistas locales, bailes y proyecci\u00f3n de videos<\/strong>, a partir de las <strong>20:00 en Plaza Belgrano<\/strong>.<\/p>\n\n\n\n<p>Finalmente, el <strong>24 de marzo<\/strong> se realizar\u00e1 la <strong>marcha y lectura del documento conmemorativo<\/strong>. La concentraci\u00f3n ser\u00e1 a las <strong>18:30 en Plaza Belgrano<\/strong>, desde donde partir\u00e1 la movilizaci\u00f3n a las <strong>19:00<\/strong> hacia el monumento que recuerda a los <strong>detenidos y desaparecidos de la ciudad<\/strong>, ubicado en la plazoleta Fray Cayetano Rodr\u00edguez.<\/p>\n\n\n\n<p>Desde la Mesa organizadora adelantaron adem\u00e1s que <strong>durante el resto del a\u00f1o continuar\u00e1n las actividades<\/strong>, incluyendo <strong>charlas, cine debate, muestras y recordatorios dedicados a cada detenido desaparecido de la ciudad<\/strong>, con fechas y lugares a confirmar.<\/p>\n\n\n\n<p>En el cierre del comunicado remarcaron la importancia de sostener estos espacios de memoria colectiva y reafirmaron su compromiso con la consigna hist\u00f3rica de los organismos de derechos humanos: <strong>\u201cMemoria, Verdad, Justicia y Nunca M\u00e1s\u201d<\/strong>.<\/p>\n\n\n\n<p>#MemoriaVerdadYJusticia #24DeMarzo #DerechosHumanos #MemoriaColectiva #Dictadura1976 #NuncaMas #HistoriaArgentina #SanPedro<\/p>\n","protected":false},"excerpt":{"rendered":"<p>En el marco del 50\u00b0 aniversario del golpe de Estado de 1976, organizaciones de derechos humanos impulsan en la ciudad una agenda de actividades culturales, educativas y conmemorativas. En el marco del 50\u00b0 aniversario del golpe de Estado del 24 de marzo de 1976, la Mesa por la Memoria, la Verdad y la Justicia anunci\u00f3 [&hellip;]<\/p>\n","protected":false},"author":4,"featured_media":127040,"comment_status":"closed","ping_status":"closed","sticky":false,"template":"","format":"standard","meta":{"om_disable_all_campaigns":false,"_jetpack_memberships_contains_paid_content":false,"footnotes":""},"categories":[101,2],"tags":[9252,9253,9250,9249,9254,9251,9255],"class_list":["post-148799","post","type-post","status-publish","format-standard","has-post-thumbnail","hentry","category-interes-general-locales","category-locales","tag-actividades-24-de-marzo","tag-conmemoracion-dictadura-1976","tag-derechos-humanos-argentina","tag-golpe-de-estado-1976-aniversario","tag-marcha-memoria-san-pedro","tag-memoria-verdad-justicia-san-pedro","tag-organismos-de-derechos-humanos-actividades"],"aioseo_notices":[],"gutentor_comment":0,"jetpack_featured_media_url":"https:\/\/eldiariodesanpedro.com.ar\/sitio\/wp-content\/uploads\/2024\/03\/273601154_316060247215904_5915184632000605502_n.jpg","jetpack_shortlink":"https:\/\/wp.me\/p6RhLt-CHZ","jetpack_sharing_enabled":true,"_links":{"self":[{"href":"https:\/\/eldiariodesanpedro.com.ar\/sitio\/wp-json\/wp\/v2\/posts\/148799","targetHints":{"allow":["GET"]}}],"collection":[{"href":"https:\/\/eldiariodesanpedro.com.ar\/sitio\/wp-json\/wp\/v2\/posts"}],"about":[{"href":"https:\/\/eldiariodesanpedro.com.ar\/sitio\/wp-json\/wp\/v2\/types\/post"}],"author":[{"embeddable":true,"href":"https:\/\/eldiariodesanpedro.com.ar\/sitio\/wp-json\/wp\/v2\/users\/4"}],"replies":[{"embeddable":true,"href":"https:\/\/eldiariodesanpedro.com.ar\/sitio\/wp-json\/wp\/v2\/comments?post=148799"}],"version-history":[{"count":1,"href":"https:\/\/eldiariodesanpedro.com.ar\/sitio\/wp-json\/wp\/v2\/posts\/148799\/revisions"}],"predecessor-version":[{"id":148801,"href":"https:\/\/eldiariodesanpedro.com.ar\/sitio\/wp-json\/wp\/v2\/posts\/148799\/revisions\/148801"}],"wp:featuredmedia":[{"embeddable":true,"href":"https:\/\/eldiariodesanpedro.com.ar\/sitio\/wp-json\/wp\/v2\/media\/127040"}],"wp:attachment":[{"href":"https:\/\/eldiariodesanpedro.com.ar\/sitio\/wp-json\/wp\/v2\/media?parent=148799"}],"wp:term":[{"taxonomy":"category","embeddable":true,"href":"https:\/\/eldiariodesanpedro.com.ar\/sitio\/wp-json\/wp\/v2\/categories?post=148799"},{"taxonomy":"post_tag","embeddable":true,"href":"https:\/\/eldiariodesanpedro.com.ar\/sitio\/wp-json\/wp\/v2\/tags?post=148799"}],"curies":[{"name":"wp","href":"https:\/\/api.w.org\/{rel}","templated":true}]}}