{"id":148796,"date":"2026-03-13T16:32:06","date_gmt":"2026-03-13T19:32:06","guid":{"rendered":"https:\/\/eldiariodesanpedro.com.ar\/sitio\/?p=148796"},"modified":"2026-03-13T16:32:09","modified_gmt":"2026-03-13T19:32:09","slug":"torneo-de-taekwondo-olimpico-reunira-a-delegaciones-de-todo-el-pais-en-el-club-atletico-mitre","status":"publish","type":"post","link":"https:\/\/eldiariodesanpedro.com.ar\/sitio\/torneo-de-taekwondo-olimpico-reunira-a-delegaciones-de-todo-el-pais-en-el-club-atletico-mitre\/","title":{"rendered":"Torneo de taekwondo ol\u00edmpico reunir\u00e1 a delegaciones de todo el pa\u00eds en el Club Atl\u00e9tico Mitre"},"content":{"rendered":"<!-- VideographyWP Plugin Message: Automatic video embedding prevented by plugin options. -->\n\n<p>El Club Atl\u00e9tico Mitre ser\u00e1 sede este fin de semana de un torneo de taekwondo ol\u00edmpico con delegaciones de distintas ciudades y la implementaci\u00f3n de tecnolog\u00eda electr\u00f3nica en combate.<\/p>\n\n\n\n<p>El <strong>gimnasio del Club Atl\u00e9tico Mitre<\/strong> ser\u00e1 escenario este fin de semana de una nueva edici\u00f3n del <strong>certamen de taekwondo ol\u00edmpico organizado por el Taekwondo W.T. del C. A. Mitre \u201cKwan Bon San Pedro\u201d<\/strong>, instituci\u00f3n dirigida por la <strong>profesora Adriana Macchi<\/strong>.<\/p>\n\n\n\n<p>El evento, que <strong>se desarrollar\u00e1 en su cuarta edici\u00f3n<\/strong>, est\u00e1 abierto a <strong>todas las categor\u00edas<\/strong> y reunir\u00e1 a <strong>equipos provenientes de distintos puntos del pa\u00eds<\/strong>, consolid\u00e1ndose como uno de los encuentros deportivos destacados del calendario local.<\/p>\n\n\n\n<p>Una de las principales novedades de este a\u00f1o ser\u00e1 la <strong>implementaci\u00f3n de un sistema de control electr\u00f3nico en las competencias<\/strong>, una tecnolog\u00eda utilizada en torneos oficiales que <strong>permitir\u00e1 registrar los puntos de manera autom\u00e1tica<\/strong>, algo que <strong>se aplicar\u00e1 por primera vez en San Pedro<\/strong> dentro de este tipo de eventos.<\/p>\n\n\n\n<p>Delegaciones de <strong>Rosario, San Nicol\u00e1s, La Matanza, Rafael Castillo, Lomas del Mirador, Salto, Vicente L\u00f3pez, Moreno, Marcos Paz y Jos\u00e9 C. Paz<\/strong>, entre otras localidades, <strong>confirmaron su participaci\u00f3n<\/strong>, lo que anticipa un fin de semana con intensa actividad deportiva.<\/p>\n\n\n\n<p>La programaci\u00f3n comenzar\u00e1 el s\u00e1bado con <strong>actividades sociales y recreativas para las delegaciones<\/strong>, que aprovechar\u00e1n su estad\u00eda para <strong>recorrer la ciudad y visitar distintos espacios tur\u00edsticos<\/strong>. Muchas de ellas se alojar\u00e1n en <strong>hoteles y complejos de San Pedro<\/strong>, lo que tambi\u00e9n generar\u00e1 movimiento en el sector tur\u00edstico local.<\/p>\n\n\n\n<p>El domingo, en tanto, <strong>se concentrar\u00e1n todas las competencias<\/strong>, donde los atletas competir\u00e1n en diferentes categor\u00edas en busca de destacarse en este <strong>torneo de taekwondo ol\u00edmpico que vuelve a posicionar al Club Atl\u00e9tico Mitre como sede de eventos deportivos de alcance nacional<\/strong>.<\/p>\n\n\n\n<p>#Taekwondo #ClubMitre #Deporte #SanPedro #TaekwondoOlimpico #ArtesMarciales #TorneoDeportivo #KwanBonSanPedro #CompetenciaDeportiva<\/p>\n","protected":false},"excerpt":{"rendered":"<p>El Club Atl\u00e9tico Mitre ser\u00e1 sede este fin de semana de un torneo de taekwondo ol\u00edmpico con delegaciones de distintas ciudades y la implementaci\u00f3n de tecnolog\u00eda electr\u00f3nica en combate. El gimnasio del Club Atl\u00e9tico Mitre ser\u00e1 escenario este fin de semana de una nueva edici\u00f3n del certamen de taekwondo ol\u00edmpico organizado por el Taekwondo W.T. [&hellip;]<\/p>\n","protected":false},"author":4,"featured_media":148797,"comment_status":"closed","ping_status":"closed","sticky":false,"template":"","format":"standard","meta":{"om_disable_all_campaigns":false,"_jetpack_memberships_contains_paid_content":false,"footnotes":""},"categories":[101,2],"tags":[3709,9247,9244,9243,9248,9245,9246],"class_list":["post-148796","post","type-post","status-publish","format-standard","has-post-thumbnail","hentry","category-interes-general-locales","category-locales","tag-club-atletico-mitre","tag-competencia-de-artes-marciales","tag-taekwondo-olimpico","tag-taekwondo-san-pedro","tag-taekwondo-wt-argentina","tag-torneo-de-taekwondo","tag-torneo-deportivo-san-pedro"],"aioseo_notices":[],"gutentor_comment":0,"jetpack_featured_media_url":"https:\/\/eldiariodesanpedro.com.ar\/sitio\/wp-content\/uploads\/2026\/03\/ChatGPT-Image-13-mar-2026-16_28_31.jpg","jetpack_shortlink":"https:\/\/wp.me\/p6RhLt-CHW","jetpack_sharing_enabled":true,"_links":{"self":[{"href":"https:\/\/eldiariodesanpedro.com.ar\/sitio\/wp-json\/wp\/v2\/posts\/148796","targetHints":{"allow":["GET"]}}],"collection":[{"href":"https:\/\/eldiariodesanpedro.com.ar\/sitio\/wp-json\/wp\/v2\/posts"}],"about":[{"href":"https:\/\/eldiariodesanpedro.com.ar\/sitio\/wp-json\/wp\/v2\/types\/post"}],"author":[{"embeddable":true,"href":"https:\/\/eldiariodesanpedro.com.ar\/sitio\/wp-json\/wp\/v2\/users\/4"}],"replies":[{"embeddable":true,"href":"https:\/\/eldiariodesanpedro.com.ar\/sitio\/wp-json\/wp\/v2\/comments?post=148796"}],"version-history":[{"count":1,"href":"https:\/\/eldiariodesanpedro.com.ar\/sitio\/wp-json\/wp\/v2\/posts\/148796\/revisions"}],"predecessor-version":[{"id":148798,"href":"https:\/\/eldiariodesanpedro.com.ar\/sitio\/wp-json\/wp\/v2\/posts\/148796\/revisions\/148798"}],"wp:featuredmedia":[{"embeddable":true,"href":"https:\/\/eldiariodesanpedro.com.ar\/sitio\/wp-json\/wp\/v2\/media\/148797"}],"wp:attachment":[{"href":"https:\/\/eldiariodesanpedro.com.ar\/sitio\/wp-json\/wp\/v2\/media?parent=148796"}],"wp:term":[{"taxonomy":"category","embeddable":true,"href":"https:\/\/eldiariodesanpedro.com.ar\/sitio\/wp-json\/wp\/v2\/categories?post=148796"},{"taxonomy":"post_tag","embeddable":true,"href":"https:\/\/eldiariodesanpedro.com.ar\/sitio\/wp-json\/wp\/v2\/tags?post=148796"}],"curies":[{"name":"wp","href":"https:\/\/api.w.org\/{rel}","templated":true}]}}