{"id":14878,"date":"2017-02-17T11:22:25","date_gmt":"2017-02-17T14:22:25","guid":{"rendered":"https:\/\/eldiariodesanpedro.com.ar\/sitio\/?p=14878"},"modified":"2017-02-17T11:22:25","modified_gmt":"2017-02-17T14:22:25","slug":"aprehenden-a-una-persona-con-pedido-de-captura","status":"publish","type":"post","link":"https:\/\/eldiariodesanpedro.com.ar\/sitio\/aprehenden-a-una-persona-con-pedido-de-captura\/","title":{"rendered":"Aprehenden a una persona con pedido de captura"},"content":{"rendered":"<p><!-- VideographyWP Plugin Message: Automatic video embedding prevented by plugin options. --><br \/>\nEn el d\u00eda de hoy personal del destacamento de Santa Lucia en las calles Sarmiento y Facundo Quiroga de la localidad de Pueblo Doyle procedi\u00f3 a la aprehensi\u00f3n de un joven de 19 a\u00f1os de edad quien instantes antes portaba y exhib\u00eda un arma de fuego en sus manos, gritando amenazas en general.<\/p>\n<p>Fues trasladado a la seccional policial donde se le realizo una averiguaci\u00f3n de antecedentes logr\u00e1ndose de esta manera establecer que el sujeto posee pedido de captura activo por un hecho de robo y tenencia ilegal de arma de fuego. mantenida comunicacion con el juzgado de garant\u00edas se dispuso su presentaci\u00f3n primera audiencia fines ponerse a derecho, no interesando su detenci\u00f3n. Asimismo mantenida comunicaci\u00f3n con UFI N\u00ba 7 en la persona de la Dra. Demarco en cuanto a las amenazas agravadas por el uso de arma de fuego, confirmo aprehensi\u00f3n, dispuso alojamiento y remisi\u00f3n primera audiencia fines legales pertinentes.<\/p>\n","protected":false},"excerpt":{"rendered":"<p>En el d\u00eda de hoy personal del destacamento de Santa Lucia en las calles Sarmiento y Facundo Quiroga de la localidad de Pueblo Doyle procedi\u00f3 a la aprehensi\u00f3n de un joven de 19 a\u00f1os de edad quien instantes antes portaba y exhib\u00eda un arma de fuego en sus manos, gritando amenazas en general. Fues trasladado [&hellip;]<\/p>\n","protected":false},"author":4,"featured_media":1378,"comment_status":"open","ping_status":"closed","sticky":false,"template":"","format":"standard","meta":{"om_disable_all_campaigns":false,"_jetpack_memberships_contains_paid_content":false,"footnotes":""},"categories":[2,103],"tags":[],"class_list":["post-14878","post","type-post","status-publish","format-standard","has-post-thumbnail","hentry","category-locales","category-policiales-locales"],"aioseo_notices":[],"gutentor_comment":0,"jetpack_featured_media_url":"https:\/\/eldiariodesanpedro.com.ar\/sitio\/wp-content\/uploads\/2015\/12\/detenido-esposado-620x413.jpg","jetpack_shortlink":"https:\/\/wp.me\/p6RhLt-3RY","jetpack_sharing_enabled":true,"_links":{"self":[{"href":"https:\/\/eldiariodesanpedro.com.ar\/sitio\/wp-json\/wp\/v2\/posts\/14878","targetHints":{"allow":["GET"]}}],"collection":[{"href":"https:\/\/eldiariodesanpedro.com.ar\/sitio\/wp-json\/wp\/v2\/posts"}],"about":[{"href":"https:\/\/eldiariodesanpedro.com.ar\/sitio\/wp-json\/wp\/v2\/types\/post"}],"author":[{"embeddable":true,"href":"https:\/\/eldiariodesanpedro.com.ar\/sitio\/wp-json\/wp\/v2\/users\/4"}],"replies":[{"embeddable":true,"href":"https:\/\/eldiariodesanpedro.com.ar\/sitio\/wp-json\/wp\/v2\/comments?post=14878"}],"version-history":[{"count":1,"href":"https:\/\/eldiariodesanpedro.com.ar\/sitio\/wp-json\/wp\/v2\/posts\/14878\/revisions"}],"predecessor-version":[{"id":14879,"href":"https:\/\/eldiariodesanpedro.com.ar\/sitio\/wp-json\/wp\/v2\/posts\/14878\/revisions\/14879"}],"wp:featuredmedia":[{"embeddable":true,"href":"https:\/\/eldiariodesanpedro.com.ar\/sitio\/wp-json\/wp\/v2\/media\/1378"}],"wp:attachment":[{"href":"https:\/\/eldiariodesanpedro.com.ar\/sitio\/wp-json\/wp\/v2\/media?parent=14878"}],"wp:term":[{"taxonomy":"category","embeddable":true,"href":"https:\/\/eldiariodesanpedro.com.ar\/sitio\/wp-json\/wp\/v2\/categories?post=14878"},{"taxonomy":"post_tag","embeddable":true,"href":"https:\/\/eldiariodesanpedro.com.ar\/sitio\/wp-json\/wp\/v2\/tags?post=14878"}],"curies":[{"name":"wp","href":"https:\/\/api.w.org\/{rel}","templated":true}]}}