{"id":148778,"date":"2026-03-13T15:47:12","date_gmt":"2026-03-13T18:47:12","guid":{"rendered":"https:\/\/eldiariodesanpedro.com.ar\/sitio\/?p=148778"},"modified":"2026-03-13T15:47:16","modified_gmt":"2026-03-13T18:47:16","slug":"san-pedro-participo-del-encuentro-provincial-de-centros-juveniles","status":"publish","type":"post","link":"https:\/\/eldiariodesanpedro.com.ar\/sitio\/san-pedro-participo-del-encuentro-provincial-de-centros-juveniles\/","title":{"rendered":"San Pedro particip\u00f3 del Encuentro Provincial de Centros Juveniles"},"content":{"rendered":"<!-- VideographyWP Plugin Message: Automatic video embedding prevented by plugin options. -->\n\n<p>Representantes del municipio participaron de una jornada provincial organizada por el Ministerio de Desarrollo de la Comunidad para fortalecer el trabajo con j\u00f3venes.<\/p>\n\n\n\n<p>El <strong>municipio de San Pedro particip\u00f3 del Encuentro Provincial de Centros Juveniles<\/strong>, una jornada organizada por el <strong>Ministerio de Desarrollo de la Comunidad de la Provincia de Buenos Aires<\/strong>, que reuni\u00f3 a referentes y coordinadores de distintos distritos para compartir experiencias y fortalecer las pol\u00edticas destinadas a las juventudes.<\/p>\n\n\n\n<p>La actividad cont\u00f3 con la presencia de representantes locales vinculados al trabajo territorial que se realiza con j\u00f3venes en la ciudad. En ese marco, <strong>San Pedro forma parte del programa provincial como coordinador de dos Centros Juveniles<\/strong>, espacios que promueven la participaci\u00f3n, la inclusi\u00f3n y el acompa\u00f1amiento de adolescentes y j\u00f3venes.<\/p>\n\n\n\n<p>Durante el encuentro estuvieron presentes <strong>Alejandra Fagnano, referente municipal del programa<\/strong>, y <strong>Bel\u00e9n Lacuadra, responsable del Centro Juvenil que funciona en la sede del CIC<\/strong>, quienes participaron de las distintas instancias de intercambio junto a representantes de otros municipios.<\/p>\n\n\n\n<p>El encuentro tuvo como objetivo <strong>fortalecer el trabajo en red entre los Centros Juveniles de toda la provincia<\/strong>, adem\u00e1s de intercambiar herramientas, experiencias y propuestas destinadas a mejorar las pol\u00edticas p\u00fablicas orientadas a las juventudes.<\/p>\n\n\n\n<p>Desde la organizaci\u00f3n destacaron la importancia de estos espacios para <strong>generar oportunidades de participaci\u00f3n, contenci\u00f3n y desarrollo para j\u00f3venes<\/strong>, promoviendo actividades educativas, culturales y recreativas dentro de cada comunidad.<\/p>\n\n\n\n<p>#SanPedro #CentrosJuveniles #Juventud #ProvinciaDeBuenosAires #DesarrolloDeLaComunidad #ParticipacionJuvenil #PoliticasPublicas #Jovenes<\/p>\n\n\n\n<div class=\"wp-block-jetpack-slideshow aligncenter\" data-effect=\"slide\" style=\"--aspect-ratio:calc(840 \/ 630)\"><div class=\"wp-block-jetpack-slideshow_container swiper\"><ul class=\"wp-block-jetpack-slideshow_swiper-wrapper swiper-wrapper\"><li class=\"wp-block-jetpack-slideshow_slide swiper-slide\"><figure><img decoding=\"async\" width=\"840\" height=\"630\" alt=\"\" class=\"wp-block-jetpack-slideshow_image wp-image-148783 lazyload\" data-id=\"148783\" data-aspect-ratio=\"840 \/ 630\" data-src=\"https:\/\/eldiariodesanpedro.com.ar\/sitio\/wp-content\/uploads\/2026\/03\/WhatsApp-Image-2026-03-13-at-09.25.571.jpeg\" data-srcset=\"https:\/\/eldiariodesanpedro.com.ar\/sitio\/wp-content\/uploads\/2026\/03\/WhatsApp-Image-2026-03-13-at-09.25.571.jpeg 840w, https:\/\/eldiariodesanpedro.com.ar\/sitio\/wp-content\/uploads\/2026\/03\/WhatsApp-Image-2026-03-13-at-09.25.571-300x225.jpeg 300w, https:\/\/eldiariodesanpedro.com.ar\/sitio\/wp-content\/uploads\/2026\/03\/WhatsApp-Image-2026-03-13-at-09.25.571-768x576.jpeg 768w, https:\/\/eldiariodesanpedro.com.ar\/sitio\/wp-content\/uploads\/2026\/03\/WhatsApp-Image-2026-03-13-at-09.25.571-272x204.jpeg 272w\" data-sizes=\"(max-width: 840px) 100vw, 840px\" src=\"data:image\/svg+xml;base64,PHN2ZyB3aWR0aD0iMSIgaGVpZ2h0PSIxIiB4bWxucz0iaHR0cDovL3d3dy53My5vcmcvMjAwMC9zdmciPjwvc3ZnPg==\" style=\"--smush-placeholder-width: 840px; --smush-placeholder-aspect-ratio: 840\/630;\" \/><\/figure><\/li><li class=\"wp-block-jetpack-slideshow_slide swiper-slide\"><figure><img decoding=\"async\" width=\"473\" height=\"630\" alt=\"\" class=\"wp-block-jetpack-slideshow_image wp-image-148782 lazyload\" data-id=\"148782\" data-aspect-ratio=\"473 \/ 630\" data-src=\"https:\/\/eldiariodesanpedro.com.ar\/sitio\/wp-content\/uploads\/2026\/03\/WhatsApp-Image-2026-03-13-at-09.25.562.jpeg\" data-srcset=\"https:\/\/eldiariodesanpedro.com.ar\/sitio\/wp-content\/uploads\/2026\/03\/WhatsApp-Image-2026-03-13-at-09.25.562.jpeg 473w, https:\/\/eldiariodesanpedro.com.ar\/sitio\/wp-content\/uploads\/2026\/03\/WhatsApp-Image-2026-03-13-at-09.25.562-225x300.jpeg 225w\" data-sizes=\"(max-width: 473px) 100vw, 473px\" src=\"data:image\/svg+xml;base64,PHN2ZyB3aWR0aD0iMSIgaGVpZ2h0PSIxIiB4bWxucz0iaHR0cDovL3d3dy53My5vcmcvMjAwMC9zdmciPjwvc3ZnPg==\" style=\"--smush-placeholder-width: 473px; --smush-placeholder-aspect-ratio: 473\/630;\" \/><\/figure><\/li><li class=\"wp-block-jetpack-slideshow_slide swiper-slide\"><figure><img decoding=\"async\" width=\"840\" height=\"630\" alt=\"\" class=\"wp-block-jetpack-slideshow_image wp-image-148781 lazyload\" data-id=\"148781\" data-aspect-ratio=\"840 \/ 630\" data-src=\"https:\/\/eldiariodesanpedro.com.ar\/sitio\/wp-content\/uploads\/2026\/03\/WhatsApp-Image-2026-03-13-at-09.25.561.jpeg\" data-srcset=\"https:\/\/eldiariodesanpedro.com.ar\/sitio\/wp-content\/uploads\/2026\/03\/WhatsApp-Image-2026-03-13-at-09.25.561.jpeg 840w, https:\/\/eldiariodesanpedro.com.ar\/sitio\/wp-content\/uploads\/2026\/03\/WhatsApp-Image-2026-03-13-at-09.25.561-300x225.jpeg 300w, https:\/\/eldiariodesanpedro.com.ar\/sitio\/wp-content\/uploads\/2026\/03\/WhatsApp-Image-2026-03-13-at-09.25.561-768x576.jpeg 768w, https:\/\/eldiariodesanpedro.com.ar\/sitio\/wp-content\/uploads\/2026\/03\/WhatsApp-Image-2026-03-13-at-09.25.561-272x204.jpeg 272w\" data-sizes=\"(max-width: 840px) 100vw, 840px\" src=\"data:image\/svg+xml;base64,PHN2ZyB3aWR0aD0iMSIgaGVpZ2h0PSIxIiB4bWxucz0iaHR0cDovL3d3dy53My5vcmcvMjAwMC9zdmciPjwvc3ZnPg==\" style=\"--smush-placeholder-width: 840px; --smush-placeholder-aspect-ratio: 840\/630;\" \/><\/figure><\/li><li class=\"wp-block-jetpack-slideshow_slide swiper-slide\"><figure><img decoding=\"async\" width=\"840\" height=\"630\" alt=\"\" class=\"wp-block-jetpack-slideshow_image wp-image-148780 lazyload\" data-id=\"148780\" data-aspect-ratio=\"840 \/ 630\" data-src=\"https:\/\/eldiariodesanpedro.com.ar\/sitio\/wp-content\/uploads\/2026\/03\/WhatsApp-Image-2026-03-13-at-09.25.57.jpeg\" data-srcset=\"https:\/\/eldiariodesanpedro.com.ar\/sitio\/wp-content\/uploads\/2026\/03\/WhatsApp-Image-2026-03-13-at-09.25.57.jpeg 840w, https:\/\/eldiariodesanpedro.com.ar\/sitio\/wp-content\/uploads\/2026\/03\/WhatsApp-Image-2026-03-13-at-09.25.57-300x225.jpeg 300w, https:\/\/eldiariodesanpedro.com.ar\/sitio\/wp-content\/uploads\/2026\/03\/WhatsApp-Image-2026-03-13-at-09.25.57-768x576.jpeg 768w, https:\/\/eldiariodesanpedro.com.ar\/sitio\/wp-content\/uploads\/2026\/03\/WhatsApp-Image-2026-03-13-at-09.25.57-272x204.jpeg 272w\" data-sizes=\"(max-width: 840px) 100vw, 840px\" src=\"data:image\/svg+xml;base64,PHN2ZyB3aWR0aD0iMSIgaGVpZ2h0PSIxIiB4bWxucz0iaHR0cDovL3d3dy53My5vcmcvMjAwMC9zdmciPjwvc3ZnPg==\" style=\"--smush-placeholder-width: 840px; --smush-placeholder-aspect-ratio: 840\/630;\" \/><\/figure><\/li><\/ul><a class=\"wp-block-jetpack-slideshow_button-prev swiper-button-prev swiper-button-white\" role=\"button\"><\/a><a class=\"wp-block-jetpack-slideshow_button-next swiper-button-next swiper-button-white\" role=\"button\"><\/a><a aria-label=\"Pause Slideshow\" class=\"wp-block-jetpack-slideshow_button-pause\" role=\"button\"><\/a><div class=\"wp-block-jetpack-slideshow_pagination swiper-pagination swiper-pagination-white\"><\/div><\/div><\/div>\n","protected":false},"excerpt":{"rendered":"<p>Representantes del municipio participaron de una jornada provincial organizada por el Ministerio de Desarrollo de la Comunidad para fortalecer el trabajo con j\u00f3venes. El municipio de San Pedro particip\u00f3 del Encuentro Provincial de Centros Juveniles, una jornada organizada por el Ministerio de Desarrollo de la Comunidad de la Provincia de Buenos Aires, que reuni\u00f3 a [&hellip;]<\/p>\n","protected":false},"author":4,"featured_media":148779,"comment_status":"closed","ping_status":"closed","sticky":false,"template":"","format":"standard","meta":{"om_disable_all_campaigns":false,"_jetpack_memberships_contains_paid_content":false,"footnotes":""},"categories":[101,2],"tags":[9237,9232,9233,9235,9236,9234,9231],"class_list":["post-148778","post","type-post","status-publish","format-standard","has-post-thumbnail","hentry","category-interes-general-locales","category-locales","tag-centros-juveniles-cic-san-pedro","tag-encuentro-provincial-centros-juveniles","tag-juventud-san-pedro","tag-ministerio-de-desarrollo-de-la-comunidad","tag-politicas-para-jovenes","tag-programa-centros-juveniles-provincia-buenos-aires","tag-san-pedro-centros-juveniles"],"aioseo_notices":[],"gutentor_comment":0,"jetpack_featured_media_url":"https:\/\/eldiariodesanpedro.com.ar\/sitio\/wp-content\/uploads\/2026\/03\/WhatsApp-Image-2026-03-13-at-09.25.56.jpeg","jetpack_shortlink":"https:\/\/wp.me\/p6RhLt-CHE","jetpack_sharing_enabled":true,"_links":{"self":[{"href":"https:\/\/eldiariodesanpedro.com.ar\/sitio\/wp-json\/wp\/v2\/posts\/148778","targetHints":{"allow":["GET"]}}],"collection":[{"href":"https:\/\/eldiariodesanpedro.com.ar\/sitio\/wp-json\/wp\/v2\/posts"}],"about":[{"href":"https:\/\/eldiariodesanpedro.com.ar\/sitio\/wp-json\/wp\/v2\/types\/post"}],"author":[{"embeddable":true,"href":"https:\/\/eldiariodesanpedro.com.ar\/sitio\/wp-json\/wp\/v2\/users\/4"}],"replies":[{"embeddable":true,"href":"https:\/\/eldiariodesanpedro.com.ar\/sitio\/wp-json\/wp\/v2\/comments?post=148778"}],"version-history":[{"count":1,"href":"https:\/\/eldiariodesanpedro.com.ar\/sitio\/wp-json\/wp\/v2\/posts\/148778\/revisions"}],"predecessor-version":[{"id":148784,"href":"https:\/\/eldiariodesanpedro.com.ar\/sitio\/wp-json\/wp\/v2\/posts\/148778\/revisions\/148784"}],"wp:featuredmedia":[{"embeddable":true,"href":"https:\/\/eldiariodesanpedro.com.ar\/sitio\/wp-json\/wp\/v2\/media\/148779"}],"wp:attachment":[{"href":"https:\/\/eldiariodesanpedro.com.ar\/sitio\/wp-json\/wp\/v2\/media?parent=148778"}],"wp:term":[{"taxonomy":"category","embeddable":true,"href":"https:\/\/eldiariodesanpedro.com.ar\/sitio\/wp-json\/wp\/v2\/categories?post=148778"},{"taxonomy":"post_tag","embeddable":true,"href":"https:\/\/eldiariodesanpedro.com.ar\/sitio\/wp-json\/wp\/v2\/tags?post=148778"}],"curies":[{"name":"wp","href":"https:\/\/api.w.org\/{rel}","templated":true}]}}