{"id":148770,"date":"2026-03-13T10:59:46","date_gmt":"2026-03-13T13:59:46","guid":{"rendered":"https:\/\/eldiariodesanpedro.com.ar\/sitio\/?p=148770"},"modified":"2026-03-13T10:59:50","modified_gmt":"2026-03-13T13:59:50","slug":"allanamientos-y-dos-detenidos-por-robo-doblemente-agravado-y-privacion-ilegal-de-la-libertad","status":"publish","type":"post","link":"https:\/\/eldiariodesanpedro.com.ar\/sitio\/allanamientos-y-dos-detenidos-por-robo-doblemente-agravado-y-privacion-ilegal-de-la-libertad\/","title":{"rendered":"Allanamientos y dos detenidos por robo doblemente agravado y privaci\u00f3n ilegal de la libertad"},"content":{"rendered":"<!-- VideographyWP Plugin Message: Automatic video embedding prevented by plugin options. -->\n\n<p>Dos hombres fueron detenidos tras allanamientos realizados luego de una investigaci\u00f3n por un violento robo ocurrido el 3 de marzo en una vivienda.<\/p>\n\n\n\n<p>En la madrugada de este viernes, <strong>personal del Grupo T\u00e1ctico Operativo (GTO) llev\u00f3 adelante una serie de allanamientos que terminaron con la aprehensi\u00f3n de dos sospechosos<\/strong> en el marco de una causa por <strong>robo doblemente agravado y privaci\u00f3n ilegal de la libertad<\/strong>.<\/p>\n\n\n\n<p>La investigaci\u00f3n se inici\u00f3 a partir de <strong>una denuncia radicada en el Destacamento de R\u00edo Tala por un hombre de 59 a\u00f1os<\/strong>, quien relat\u00f3 que <strong>el pasado 3 de marzo tres individuos ingresaron a su vivienda<\/strong>, donde <strong>le sustrajeron dinero en efectivo y joyas<\/strong>.<\/p>\n\n\n\n<p>A partir de ese hecho, <strong>los efectivos realizaron diversas tareas investigativas<\/strong>, entre ellas <strong>recolecci\u00f3n de testimonios y an\u00e1lisis de registros f\u00edlmicos<\/strong>, lo que permiti\u00f3 <strong>establecer la identidad de dos de los presuntos autores<\/strong>.<\/p>\n\n\n\n<p>Con esos elementos, se solicit\u00f3 a la Justicia la correspondiente <strong>orden de allanamiento<\/strong>, la cual fue otorgada por el <strong>Juzgado de Garant\u00edas N\u00b01 del Departamento Judicial San Nicol\u00e1s<\/strong>.<\/p>\n\n\n\n<p>Los procedimientos se realizaron en <strong>dos domicilios de la localidad de R\u00edo Tala<\/strong>, con la participaci\u00f3n conjunta de <strong>personal de la Comisar\u00eda, los destacamentos de La Tosquera, Gobernador Castro y R\u00edo Tala, el GAD San Pedro y la SUB DDI Baradero-San Pedro<\/strong>.<\/p>\n\n\n\n<p>Durante los operativos <strong>fueron aprehendidos dos hombres, de 25 y 43 a\u00f1os<\/strong>, y adem\u00e1s <strong>se secuestraron elementos considerados de inter\u00e9s para la investigaci\u00f3n<\/strong>.<\/p>\n\n\n\n<p>Los detenidos <strong>fueron trasladados y alojados en la comisar\u00eda local<\/strong>, quedando <strong>a disposici\u00f3n de la Justicia<\/strong> mientras avanza la causa.<\/p>\n\n\n\n<p>#Policiales #Allanamiento #RoboAgravado #PrivacionIlegalDeLaLibertad #RioTala #InvestigacionPolicial #Detenidos #SanPedro<\/p>\n\n\n<div class=\"wp-block-image\">\n<figure class=\"aligncenter size-full\"><img decoding=\"async\" width=\"630\" height=\"630\" data-attachment-id=\"148772\" data-permalink=\"https:\/\/eldiariodesanpedro.com.ar\/sitio\/allanamientos-y-dos-detenidos-por-robo-doblemente-agravado-y-privacion-ilegal-de-la-libertad\/2-199\/\" data-orig-file=\"https:\/\/eldiariodesanpedro.com.ar\/sitio\/wp-content\/uploads\/2026\/03\/2-3.jpg\" data-orig-size=\"630,630\" data-comments-opened=\"0\" data-image-meta=\"{&quot;aperture&quot;:&quot;0&quot;,&quot;credit&quot;:&quot;&quot;,&quot;camera&quot;:&quot;&quot;,&quot;caption&quot;:&quot;&quot;,&quot;created_timestamp&quot;:&quot;0&quot;,&quot;copyright&quot;:&quot;&quot;,&quot;focal_length&quot;:&quot;0&quot;,&quot;iso&quot;:&quot;0&quot;,&quot;shutter_speed&quot;:&quot;0&quot;,&quot;title&quot;:&quot;&quot;,&quot;orientation&quot;:&quot;0&quot;}\" data-image-title=\"2\" data-image-description=\"\" data-image-caption=\"\" data-large-file=\"https:\/\/eldiariodesanpedro.com.ar\/sitio\/wp-content\/uploads\/2026\/03\/2-3.jpg\" data-src=\"https:\/\/eldiariodesanpedro.com.ar\/sitio\/wp-content\/uploads\/2026\/03\/2-3.jpg\" alt=\"\" class=\"wp-image-148772 lazyload\" data-srcset=\"https:\/\/eldiariodesanpedro.com.ar\/sitio\/wp-content\/uploads\/2026\/03\/2-3.jpg 630w, https:\/\/eldiariodesanpedro.com.ar\/sitio\/wp-content\/uploads\/2026\/03\/2-3-300x300.jpg 300w, https:\/\/eldiariodesanpedro.com.ar\/sitio\/wp-content\/uploads\/2026\/03\/2-3-150x150.jpg 150w\" data-sizes=\"(max-width: 630px) 100vw, 630px\" src=\"data:image\/svg+xml;base64,PHN2ZyB3aWR0aD0iMSIgaGVpZ2h0PSIxIiB4bWxucz0iaHR0cDovL3d3dy53My5vcmcvMjAwMC9zdmciPjwvc3ZnPg==\" style=\"--smush-placeholder-width: 630px; --smush-placeholder-aspect-ratio: 630\/630;\" \/><\/figure>\n<\/div>\n\n\n<p><br><\/p>\n","protected":false},"excerpt":{"rendered":"<p>Dos hombres fueron detenidos tras allanamientos realizados luego de una investigaci\u00f3n por un violento robo ocurrido el 3 de marzo en una vivienda. En la madrugada de este viernes, personal del Grupo T\u00e1ctico Operativo (GTO) llev\u00f3 adelante una serie de allanamientos que terminaron con la aprehensi\u00f3n de dos sospechosos en el marco de una causa [&hellip;]<\/p>\n","protected":false},"author":4,"featured_media":148771,"comment_status":"closed","ping_status":"closed","sticky":false,"template":"","format":"standard","meta":{"om_disable_all_campaigns":false,"_jetpack_memberships_contains_paid_content":false,"footnotes":""},"categories":[50,2,103],"tags":[9225,9227,9228,5342,9226,9229],"class_list":["post-148770","post","type-post","status-publish","format-standard","has-post-thumbnail","hentry","category-destacadas","category-locales","category-policiales-locales","tag-allanamiento-robo-agravado","tag-detenidos-robo-rio-tala","tag-gto-san-pedro-allanamiento","tag-operativo-policial-san-pedro","tag-privacion-ilegal-de-la-libertad-investigacion","tag-robo-vivienda-investigacion-policial"],"aioseo_notices":[],"gutentor_comment":0,"jetpack_featured_media_url":"https:\/\/eldiariodesanpedro.com.ar\/sitio\/wp-content\/uploads\/2026\/03\/medida-19.jpg","jetpack_shortlink":"https:\/\/wp.me\/p6RhLt-CHw","jetpack_sharing_enabled":true,"_links":{"self":[{"href":"https:\/\/eldiariodesanpedro.com.ar\/sitio\/wp-json\/wp\/v2\/posts\/148770","targetHints":{"allow":["GET"]}}],"collection":[{"href":"https:\/\/eldiariodesanpedro.com.ar\/sitio\/wp-json\/wp\/v2\/posts"}],"about":[{"href":"https:\/\/eldiariodesanpedro.com.ar\/sitio\/wp-json\/wp\/v2\/types\/post"}],"author":[{"embeddable":true,"href":"https:\/\/eldiariodesanpedro.com.ar\/sitio\/wp-json\/wp\/v2\/users\/4"}],"replies":[{"embeddable":true,"href":"https:\/\/eldiariodesanpedro.com.ar\/sitio\/wp-json\/wp\/v2\/comments?post=148770"}],"version-history":[{"count":1,"href":"https:\/\/eldiariodesanpedro.com.ar\/sitio\/wp-json\/wp\/v2\/posts\/148770\/revisions"}],"predecessor-version":[{"id":148773,"href":"https:\/\/eldiariodesanpedro.com.ar\/sitio\/wp-json\/wp\/v2\/posts\/148770\/revisions\/148773"}],"wp:featuredmedia":[{"embeddable":true,"href":"https:\/\/eldiariodesanpedro.com.ar\/sitio\/wp-json\/wp\/v2\/media\/148771"}],"wp:attachment":[{"href":"https:\/\/eldiariodesanpedro.com.ar\/sitio\/wp-json\/wp\/v2\/media?parent=148770"}],"wp:term":[{"taxonomy":"category","embeddable":true,"href":"https:\/\/eldiariodesanpedro.com.ar\/sitio\/wp-json\/wp\/v2\/categories?post=148770"},{"taxonomy":"post_tag","embeddable":true,"href":"https:\/\/eldiariodesanpedro.com.ar\/sitio\/wp-json\/wp\/v2\/tags?post=148770"}],"curies":[{"name":"wp","href":"https:\/\/api.w.org\/{rel}","templated":true}]}}