{"id":148767,"date":"2026-03-13T10:37:11","date_gmt":"2026-03-13T13:37:11","guid":{"rendered":"https:\/\/eldiariodesanpedro.com.ar\/sitio\/?p=148767"},"modified":"2026-03-13T10:37:14","modified_gmt":"2026-03-13T13:37:14","slug":"detuvieron-a-un-joven-con-pedido-de-paradero-activo-por-una-causa-de-robo","status":"publish","type":"post","link":"https:\/\/eldiariodesanpedro.com.ar\/sitio\/detuvieron-a-un-joven-con-pedido-de-paradero-activo-por-una-causa-de-robo\/","title":{"rendered":"Detuvieron a un joven con pedido de paradero activo por una causa de robo"},"content":{"rendered":"<!-- VideographyWP Plugin Message: Automatic video embedding prevented by plugin options. -->\n\n<p>Un joven de 21 a\u00f1os fue identificado por la polic\u00eda en la v\u00eda p\u00fablica y trasladado a la comisar\u00eda tras confirmarse que ten\u00eda <strong>pedido de paradero activo solicitado por la Fiscal\u00eda del Joven de San Nicol\u00e1s.<\/strong><\/p>\n\n\n\n<p>En horas de la tarde del jueves, <strong>personal de la Comisar\u00eda identific\u00f3 a un joven de 21 a\u00f1os en la intersecci\u00f3n de calle Manuel Iglesias y Bulevar Moreno<\/strong>, durante un procedimiento de rutina realizado en la v\u00eda p\u00fablica.<\/p>\n\n\n\n<p>Tras verificar sus datos en el sistema, <strong>los efectivos constataron que el joven registraba un pedido de paradero activo<\/strong>, con fecha de alta del <strong>19 de marzo de 2025<\/strong>, requerido por la <strong>UFI del Joven del Departamento Judicial San Nicol\u00e1s<\/strong> en el marco de una causa caratulada como <strong>robo<\/strong>.<\/p>\n\n\n\n<p>Ante esta situaci\u00f3n, <strong>el individuo fue trasladado a la dependencia policial<\/strong> con el objetivo de <strong>regularizar su situaci\u00f3n legal<\/strong> y continuar con las actuaciones correspondientes.<\/p>\n\n\n\n<p>En el hecho <strong>tom\u00f3 intervenci\u00f3n la Fiscal\u00eda del Joven<\/strong>, desde donde se dispusieron las diligencias de rigor para avanzar con el procedimiento judicial.<\/p>\n\n\n\n<p>#Policiales #SanPedro #ParaderoActivo #Policia #Robo #FiscaliaDelJoven #SanNicolas #Seguridad<\/p>\n","protected":false},"excerpt":{"rendered":"<p>Un joven de 21 a\u00f1os fue identificado por la polic\u00eda en la v\u00eda p\u00fablica y trasladado a la comisar\u00eda tras confirmarse que ten\u00eda pedido de paradero activo solicitado por la Fiscal\u00eda del Joven de San Nicol\u00e1s. En horas de la tarde del jueves, personal de la Comisar\u00eda identific\u00f3 a un joven de 21 a\u00f1os en [&hellip;]<\/p>\n","protected":false},"author":4,"featured_media":148768,"comment_status":"closed","ping_status":"closed","sticky":false,"template":"","format":"standard","meta":{"om_disable_all_campaigns":false,"_jetpack_memberships_contains_paid_content":false,"footnotes":""},"categories":[2,103],"tags":[9222,7245,5441,5342,9223,9224],"class_list":["post-148767","post","type-post","status-publish","format-standard","has-post-thumbnail","hentry","category-locales","category-policiales-locales","tag-detenido-con-paradero-activo","tag-fiscalia-del-joven-san-nicolas","tag-joven-detenido-san-pedro","tag-operativo-policial-san-pedro","tag-pedido-de-paradero-robo","tag-policia-san-pedro-procedimiento"],"aioseo_notices":[],"gutentor_comment":0,"jetpack_featured_media_url":"https:\/\/eldiariodesanpedro.com.ar\/sitio\/wp-content\/uploads\/2026\/03\/ChatGPT-Image-13-mar-2026-10_33_06.jpg","jetpack_shortlink":"https:\/\/wp.me\/p6RhLt-CHt","jetpack_sharing_enabled":true,"_links":{"self":[{"href":"https:\/\/eldiariodesanpedro.com.ar\/sitio\/wp-json\/wp\/v2\/posts\/148767","targetHints":{"allow":["GET"]}}],"collection":[{"href":"https:\/\/eldiariodesanpedro.com.ar\/sitio\/wp-json\/wp\/v2\/posts"}],"about":[{"href":"https:\/\/eldiariodesanpedro.com.ar\/sitio\/wp-json\/wp\/v2\/types\/post"}],"author":[{"embeddable":true,"href":"https:\/\/eldiariodesanpedro.com.ar\/sitio\/wp-json\/wp\/v2\/users\/4"}],"replies":[{"embeddable":true,"href":"https:\/\/eldiariodesanpedro.com.ar\/sitio\/wp-json\/wp\/v2\/comments?post=148767"}],"version-history":[{"count":1,"href":"https:\/\/eldiariodesanpedro.com.ar\/sitio\/wp-json\/wp\/v2\/posts\/148767\/revisions"}],"predecessor-version":[{"id":148769,"href":"https:\/\/eldiariodesanpedro.com.ar\/sitio\/wp-json\/wp\/v2\/posts\/148767\/revisions\/148769"}],"wp:featuredmedia":[{"embeddable":true,"href":"https:\/\/eldiariodesanpedro.com.ar\/sitio\/wp-json\/wp\/v2\/media\/148768"}],"wp:attachment":[{"href":"https:\/\/eldiariodesanpedro.com.ar\/sitio\/wp-json\/wp\/v2\/media?parent=148767"}],"wp:term":[{"taxonomy":"category","embeddable":true,"href":"https:\/\/eldiariodesanpedro.com.ar\/sitio\/wp-json\/wp\/v2\/categories?post=148767"},{"taxonomy":"post_tag","embeddable":true,"href":"https:\/\/eldiariodesanpedro.com.ar\/sitio\/wp-json\/wp\/v2\/tags?post=148767"}],"curies":[{"name":"wp","href":"https:\/\/api.w.org\/{rel}","templated":true}]}}