{"id":148764,"date":"2026-03-13T10:20:40","date_gmt":"2026-03-13T13:20:40","guid":{"rendered":"https:\/\/eldiariodesanpedro.com.ar\/sitio\/?p=148764"},"modified":"2026-03-13T10:20:45","modified_gmt":"2026-03-13T13:20:45","slug":"murio-santino-zubiete-el-bebe-de-8-meses-que-esperaba-un-segundo-trasplante-de-higado","status":"publish","type":"post","link":"https:\/\/eldiariodesanpedro.com.ar\/sitio\/murio-santino-zubiete-el-bebe-de-8-meses-que-esperaba-un-segundo-trasplante-de-higado\/","title":{"rendered":"Muri\u00f3 Santino Zubiete, el beb\u00e9 de 8 meses que esperaba un segundo trasplante de h\u00edgado"},"content":{"rendered":"<!-- VideographyWP Plugin Message: Automatic video embedding prevented by plugin options. -->\n\n<p>El peque\u00f1o permanec\u00eda internado mientras aguardaba un segundo trasplante de h\u00edgado. Su fallecimiento gener\u00f3 conmoci\u00f3n entre familiares y quienes segu\u00edan su historia.<\/p>\n\n\n\n<p>La confirmaci\u00f3n del <strong>fallecimiento de Santino Zubiete, un beb\u00e9 de apenas 8 meses<\/strong>, gener\u00f3 una profunda tristeza entre su familia, allegados y muchas personas que segu\u00edan su situaci\u00f3n a trav\u00e9s de distintas cadenas de acompa\u00f1amiento.<\/p>\n\n\n\n<p>El peque\u00f1o <strong>se encontraba internado en el Hospital Garrahan<\/strong>, donde aguardaba la posibilidad de recibir <strong>un segundo trasplante de h\u00edgado<\/strong>, luego de que el primer procedimiento no lograra evolucionar favorablemente.<\/p>\n\n\n\n<p>De acuerdo a lo informado por sus familiares, <strong>tras la primera intervenci\u00f3n quir\u00fargica el organismo de Santino comenz\u00f3 a presentar complicaciones<\/strong>, y con el paso de los d\u00edas <strong>termin\u00f3 rechazando el \u00f3rgano trasplantado<\/strong>, lo que volvi\u00f3 a poner en una situaci\u00f3n cr\u00edtica su estado de salud.<\/p>\n\n\n\n<p>Durante las \u00faltimas semanas, <strong>la familia hab\u00eda impulsado cadenas de oraci\u00f3n y pedidos de acompa\u00f1amiento<\/strong>, con la esperanza de que pudiera aparecer un nuevo donante que permitiera realizar el segundo trasplante. Sin embargo, esa posibilidad <strong>finalmente no lleg\u00f3 a concretarse<\/strong>.<\/p>\n\n\n\n<p>La noticia fue confirmada este jueves por sus familiares. <strong>\u201cEstamos destrozados\u201d, expres\u00f3 su t\u00edo Marcelo<\/strong>, al comunicar p\u00fablicamente el fallecimiento del peque\u00f1o.<\/p>\n\n\n\n<p>Seg\u00fan se inform\u00f3, <strong>sus restos ser\u00e1n despedidos este viernes en Jard\u00edn del Molino<\/strong>, donde familiares y seres queridos podr\u00e1n darle el \u00faltimo adi\u00f3s.<\/p>\n\n\n\n<p>La historia de Santino hab\u00eda movilizado a muchas personas que segu\u00edan con esperanza su evoluci\u00f3n, acompa\u00f1ando a la familia durante el dif\u00edcil proceso.<\/p>\n\n\n\n<p>#SantinoZubiete #TrasplanteDeH\u00edgado #HospitalGarrahan #Donaci\u00f3nDe\u00d3rganos #SaludInfantil #Solidaridad<\/p>\n","protected":false},"excerpt":{"rendered":"<p>El peque\u00f1o permanec\u00eda internado mientras aguardaba un segundo trasplante de h\u00edgado. Su fallecimiento gener\u00f3 conmoci\u00f3n entre familiares y quienes segu\u00edan su historia. La confirmaci\u00f3n del fallecimiento de Santino Zubiete, un beb\u00e9 de apenas 8 meses, gener\u00f3 una profunda tristeza entre su familia, allegados y muchas personas que segu\u00edan su situaci\u00f3n a trav\u00e9s de distintas cadenas [&hellip;]<\/p>\n","protected":false},"author":4,"featured_media":148765,"comment_status":"closed","ping_status":"closed","sticky":false,"template":"","format":"standard","meta":{"om_disable_all_campaigns":false,"_jetpack_memberships_contains_paid_content":false,"footnotes":""},"categories":[50,101,2],"tags":[9218,8455,6480,9221,8506,9219,8458,9220],"class_list":["post-148764","post","type-post","status-publish","format-standard","has-post-thumbnail","hentry","category-destacadas","category-interes-general-locales","category-locales","tag-bebe-8-meses-fallecio","tag-donacion-de-organos","tag-hospital-garrahan","tag-noticia-argentina","tag-salud-infantil","tag-santino-zubiete","tag-trasplante-de-higado","tag-trasplante-pediatrico"],"aioseo_notices":[],"gutentor_comment":0,"jetpack_featured_media_url":"https:\/\/eldiariodesanpedro.com.ar\/sitio\/wp-content\/uploads\/2026\/03\/651006034_802515886241478_2140205459630937844_n-800x445-1.jpg","jetpack_shortlink":"https:\/\/wp.me\/p6RhLt-CHq","jetpack_sharing_enabled":true,"_links":{"self":[{"href":"https:\/\/eldiariodesanpedro.com.ar\/sitio\/wp-json\/wp\/v2\/posts\/148764","targetHints":{"allow":["GET"]}}],"collection":[{"href":"https:\/\/eldiariodesanpedro.com.ar\/sitio\/wp-json\/wp\/v2\/posts"}],"about":[{"href":"https:\/\/eldiariodesanpedro.com.ar\/sitio\/wp-json\/wp\/v2\/types\/post"}],"author":[{"embeddable":true,"href":"https:\/\/eldiariodesanpedro.com.ar\/sitio\/wp-json\/wp\/v2\/users\/4"}],"replies":[{"embeddable":true,"href":"https:\/\/eldiariodesanpedro.com.ar\/sitio\/wp-json\/wp\/v2\/comments?post=148764"}],"version-history":[{"count":1,"href":"https:\/\/eldiariodesanpedro.com.ar\/sitio\/wp-json\/wp\/v2\/posts\/148764\/revisions"}],"predecessor-version":[{"id":148766,"href":"https:\/\/eldiariodesanpedro.com.ar\/sitio\/wp-json\/wp\/v2\/posts\/148764\/revisions\/148766"}],"wp:featuredmedia":[{"embeddable":true,"href":"https:\/\/eldiariodesanpedro.com.ar\/sitio\/wp-json\/wp\/v2\/media\/148765"}],"wp:attachment":[{"href":"https:\/\/eldiariodesanpedro.com.ar\/sitio\/wp-json\/wp\/v2\/media?parent=148764"}],"wp:term":[{"taxonomy":"category","embeddable":true,"href":"https:\/\/eldiariodesanpedro.com.ar\/sitio\/wp-json\/wp\/v2\/categories?post=148764"},{"taxonomy":"post_tag","embeddable":true,"href":"https:\/\/eldiariodesanpedro.com.ar\/sitio\/wp-json\/wp\/v2\/tags?post=148764"}],"curies":[{"name":"wp","href":"https:\/\/api.w.org\/{rel}","templated":true}]}}