{"id":148762,"date":"2026-03-13T09:41:46","date_gmt":"2026-03-13T12:41:46","guid":{"rendered":"https:\/\/eldiariodesanpedro.com.ar\/sitio\/?p=148762"},"modified":"2026-03-13T09:41:50","modified_gmt":"2026-03-13T12:41:50","slug":"edicto-de-sucesion-de-branto-juan-enrique","status":"publish","type":"post","link":"https:\/\/eldiariodesanpedro.com.ar\/sitio\/edicto-de-sucesion-de-branto-juan-enrique\/","title":{"rendered":"Edicto de Sucesi\u00f3n de Branto Juan Enrique"},"content":{"rendered":"<!-- VideographyWP Plugin Message: Automatic video embedding prevented by plugin options. -->\n\n<p>El Juzgado de Paz Letrado de Baradero, Secretar\u00eda \u00danica, Departamento Judicial de San Nicol\u00e1s, cita y emplaza por 30 d\u00edas a herederos y acreedores de <strong>Branto Juan Enrique<\/strong>. Baradero, 12 de marzo de 2026.<\/p>\n\n\n\n<p>FACUNDO VELL\u00d3N<br>ABOGADO SECRETARIO<\/p>\n\n\n\n<p>(Publicaci\u00f3n v\u00e1lida para los d\u00edas 13, 14 y 15 de marzo de 2026)<br><a href=\"https:\/\/notificaciones.scba.gov.ar\/interfazbootstrap\/textonotificacion.aspx?CodNotif=7RL9JM8Y\">https:\/\/notificaciones.scba.gov.ar\/interfazbootstrap\/textonotificacion.aspx?CodNotif=7RL9JM8Y<\/a><\/p>\n\n\n\n<p>Todos los edictos los podes publicados los puedes ver en: <a href=\"https:\/\/eldiariodesanpedro.com.ar\/sitio\/category\/edictos\/\">https:\/\/eldiariodesanpedro.com.ar\/sitio\/category\/edictos<\/a>\/<\/p>\n","protected":false},"excerpt":{"rendered":"<p>El Juzgado de Paz Letrado de Baradero, Secretar\u00eda \u00danica, Departamento Judicial de San Nicol\u00e1s, cita y emplaza por 30 d\u00edas a herederos y acreedores de Branto Juan Enrique. Baradero, 12 de marzo de 2026. FACUNDO VELL\u00d3NABOGADO SECRETARIO (Publicaci\u00f3n v\u00e1lida para los d\u00edas 13, 14 y 15 de marzo de 2026)https:\/\/notificaciones.scba.gov.ar\/interfazbootstrap\/textonotificacion.aspx?CodNotif=7RL9JM8Y Todos los edictos los podes [&hellip;]<\/p>\n","protected":false},"author":4,"featured_media":102746,"comment_status":"closed","ping_status":"closed","sticky":false,"template":"","format":"standard","meta":{"om_disable_all_campaigns":false,"_jetpack_memberships_contains_paid_content":false,"footnotes":""},"categories":[676,677],"tags":[9217],"class_list":["post-148762","post","type-post","status-publish","format-standard","has-post-thumbnail","hentry","category-edictos","category-edictos-sucesorios","tag-branto-juan-enrique"],"aioseo_notices":[],"gutentor_comment":0,"jetpack_featured_media_url":"https:\/\/eldiariodesanpedro.com.ar\/sitio\/wp-content\/uploads\/2022\/01\/EDICTO.jpg","jetpack_shortlink":"https:\/\/wp.me\/p6RhLt-CHo","jetpack_sharing_enabled":true,"_links":{"self":[{"href":"https:\/\/eldiariodesanpedro.com.ar\/sitio\/wp-json\/wp\/v2\/posts\/148762","targetHints":{"allow":["GET"]}}],"collection":[{"href":"https:\/\/eldiariodesanpedro.com.ar\/sitio\/wp-json\/wp\/v2\/posts"}],"about":[{"href":"https:\/\/eldiariodesanpedro.com.ar\/sitio\/wp-json\/wp\/v2\/types\/post"}],"author":[{"embeddable":true,"href":"https:\/\/eldiariodesanpedro.com.ar\/sitio\/wp-json\/wp\/v2\/users\/4"}],"replies":[{"embeddable":true,"href":"https:\/\/eldiariodesanpedro.com.ar\/sitio\/wp-json\/wp\/v2\/comments?post=148762"}],"version-history":[{"count":1,"href":"https:\/\/eldiariodesanpedro.com.ar\/sitio\/wp-json\/wp\/v2\/posts\/148762\/revisions"}],"predecessor-version":[{"id":148763,"href":"https:\/\/eldiariodesanpedro.com.ar\/sitio\/wp-json\/wp\/v2\/posts\/148762\/revisions\/148763"}],"wp:featuredmedia":[{"embeddable":true,"href":"https:\/\/eldiariodesanpedro.com.ar\/sitio\/wp-json\/wp\/v2\/media\/102746"}],"wp:attachment":[{"href":"https:\/\/eldiariodesanpedro.com.ar\/sitio\/wp-json\/wp\/v2\/media?parent=148762"}],"wp:term":[{"taxonomy":"category","embeddable":true,"href":"https:\/\/eldiariodesanpedro.com.ar\/sitio\/wp-json\/wp\/v2\/categories?post=148762"},{"taxonomy":"post_tag","embeddable":true,"href":"https:\/\/eldiariodesanpedro.com.ar\/sitio\/wp-json\/wp\/v2\/tags?post=148762"}],"curies":[{"name":"wp","href":"https:\/\/api.w.org\/{rel}","templated":true}]}}