{"id":14876,"date":"2017-02-17T11:13:02","date_gmt":"2017-02-17T14:13:02","guid":{"rendered":"https:\/\/eldiariodesanpedro.com.ar\/sitio\/?p=14876"},"modified":"2017-02-17T11:13:02","modified_gmt":"2017-02-17T14:13:02","slug":"se-llevaron-dos-allanamientos-por-hechos-sucedidos-en-santa-lucia","status":"publish","type":"post","link":"https:\/\/eldiariodesanpedro.com.ar\/sitio\/se-llevaron-dos-allanamientos-por-hechos-sucedidos-en-santa-lucia\/","title":{"rendered":"Se llevaron dos allanamientos por hechos sucedidos en Santa Lucia"},"content":{"rendered":"<p><!-- VideographyWP Plugin Message: Automatic video embedding prevented by plugin options. --><br \/>\nEn el d\u00eda de ayer personal de la seccional local luego de tareas de investigaci\u00f3n, se realizaron dos allanamientos luego de la aprehensi\u00f3n de un joven en calle A. del Valle d\u00edas atr\u00e1s, el operativo fue realizado para poder esclarecer hechos que se vienen sucediendo en la localidad de Santa lucia como tambi\u00e9n en zona rural.<\/p>\n","protected":false},"excerpt":{"rendered":"<p>En el d\u00eda de ayer personal de la seccional local luego de tareas de investigaci\u00f3n, se realizaron dos allanamientos luego de la aprehensi\u00f3n de un joven en calle A. del Valle d\u00edas atr\u00e1s, el operativo fue realizado para poder esclarecer hechos que se vienen sucediendo en la localidad de Santa lucia como tambi\u00e9n en zona [&hellip;]<\/p>\n","protected":false},"author":4,"featured_media":8129,"comment_status":"open","ping_status":"closed","sticky":false,"template":"","format":"standard","meta":{"om_disable_all_campaigns":false,"_jetpack_memberships_contains_paid_content":false,"footnotes":""},"categories":[2,103],"tags":[],"class_list":["post-14876","post","type-post","status-publish","format-standard","has-post-thumbnail","hentry","category-locales","category-policiales-locales"],"aioseo_notices":[],"gutentor_comment":0,"jetpack_featured_media_url":"https:\/\/eldiariodesanpedro.com.ar\/sitio\/wp-content\/uploads\/2016\/09\/allanamientos-01.jpg","jetpack_shortlink":"https:\/\/wp.me\/p6RhLt-3RW","jetpack_sharing_enabled":true,"_links":{"self":[{"href":"https:\/\/eldiariodesanpedro.com.ar\/sitio\/wp-json\/wp\/v2\/posts\/14876","targetHints":{"allow":["GET"]}}],"collection":[{"href":"https:\/\/eldiariodesanpedro.com.ar\/sitio\/wp-json\/wp\/v2\/posts"}],"about":[{"href":"https:\/\/eldiariodesanpedro.com.ar\/sitio\/wp-json\/wp\/v2\/types\/post"}],"author":[{"embeddable":true,"href":"https:\/\/eldiariodesanpedro.com.ar\/sitio\/wp-json\/wp\/v2\/users\/4"}],"replies":[{"embeddable":true,"href":"https:\/\/eldiariodesanpedro.com.ar\/sitio\/wp-json\/wp\/v2\/comments?post=14876"}],"version-history":[{"count":1,"href":"https:\/\/eldiariodesanpedro.com.ar\/sitio\/wp-json\/wp\/v2\/posts\/14876\/revisions"}],"predecessor-version":[{"id":14877,"href":"https:\/\/eldiariodesanpedro.com.ar\/sitio\/wp-json\/wp\/v2\/posts\/14876\/revisions\/14877"}],"wp:featuredmedia":[{"embeddable":true,"href":"https:\/\/eldiariodesanpedro.com.ar\/sitio\/wp-json\/wp\/v2\/media\/8129"}],"wp:attachment":[{"href":"https:\/\/eldiariodesanpedro.com.ar\/sitio\/wp-json\/wp\/v2\/media?parent=14876"}],"wp:term":[{"taxonomy":"category","embeddable":true,"href":"https:\/\/eldiariodesanpedro.com.ar\/sitio\/wp-json\/wp\/v2\/categories?post=14876"},{"taxonomy":"post_tag","embeddable":true,"href":"https:\/\/eldiariodesanpedro.com.ar\/sitio\/wp-json\/wp\/v2\/tags?post=14876"}],"curies":[{"name":"wp","href":"https:\/\/api.w.org\/{rel}","templated":true}]}}