{"id":148755,"date":"2026-03-12T17:53:47","date_gmt":"2026-03-12T20:53:47","guid":{"rendered":"https:\/\/eldiariodesanpedro.com.ar\/sitio\/?p=148755"},"modified":"2026-03-12T17:53:51","modified_gmt":"2026-03-12T20:53:51","slug":"el-festival-country-de-san-pedro-se-presento-en-el-tecnodromo-de-expoagro","status":"publish","type":"post","link":"https:\/\/eldiariodesanpedro.com.ar\/sitio\/el-festival-country-de-san-pedro-se-presento-en-el-tecnodromo-de-expoagro\/","title":{"rendered":"El Festival Country de San Pedro se present\u00f3 en el Tecn\u00f3dromo de Expoagro"},"content":{"rendered":"<!-- VideographyWP Plugin Message: Automatic video embedding prevented by plugin options. -->\n\n<p>El Festival de M\u00fasica Country de San Pedro tuvo su espacio en Expoagro con un show en el Tecn\u00f3dromo que combin\u00f3 m\u00fasica en vivo y line dance ante cientos de visitantes.<\/p>\n\n\n\n<p>En el marco de las actividades de <strong>Expoagro<\/strong>, el <strong>Festival de M\u00fasica Country de San Pedro<\/strong> tuvo una destacada participaci\u00f3n este jueves en el <strong>Tecn\u00f3dromo<\/strong>, donde se present\u00f3 una propuesta art\u00edstica que permiti\u00f3 mostrar al p\u00fablico una parte del esp\u00edritu del tradicional evento que se realiza desde 2003.<\/p>\n\n\n\n<p>La presentaci\u00f3n se desarroll\u00f3 durante la <strong>Jornada Nacional de J\u00f3venes<\/strong>, donde el escenario del Tecn\u00f3dromo \u2014habitualmente dedicado a demostraciones de tecnolog\u00eda, maquinaria agr\u00edcola, drones y rob\u00f3tica\u2014 tambi\u00e9n se convirti\u00f3 en un espacio para la m\u00fasica y el baile.<\/p>\n\n\n\n<p>El espect\u00e1culo cont\u00f3 con la participaci\u00f3n del <strong>grupo nicole\u00f1o Cherry Collins<\/strong>, junto a la agrupaci\u00f3n de <strong>line dance Rosario Country Rebeles<\/strong>, quienes ofrecieron un show que combin\u00f3 <strong>m\u00fasica country en vivo y coreograf\u00edas de baile en l\u00ednea<\/strong>, sorprendiendo y entusiasmando al p\u00fablico que colm\u00f3 las gradas del microestadio.<\/p>\n\n\n\n<p>La actividad fue impulsada por <strong>Country2.com<\/strong>, productora del festival sampedrino, con el objetivo de <strong>promocionar la ciudad como destino tur\u00edstico y difundir el festival<\/strong>, que en 2025 celebr\u00f3 sus <strong>20 ediciones<\/strong> consolid\u00e1ndose como uno de los encuentros country m\u00e1s importantes del pa\u00eds.<\/p>\n\n\n\n<p>Durante la tarde, <strong>estudiantes, docentes, profesionales y visitantes de la exposici\u00f3n<\/strong> se acercaron al Tecn\u00f3dromo para presenciar la propuesta art\u00edstica que aport\u00f3 un momento cultural dentro de una jornada marcada por la innovaci\u00f3n tecnol\u00f3gica del sector agroindustrial.<\/p>\n\n\n\n<p>La conducci\u00f3n del evento estuvo a cargo de <strong>Pedro Ib\u00e1\u00f1ez<\/strong>, presentador habitual del festival, mientras que la organizaci\u00f3n y producci\u00f3n se realizaron de manera conjunta entre <strong>Expoagro y Country2.com<\/strong>.<\/p>\n\n\n\n<p>Desde la organizaci\u00f3n destacaron el acompa\u00f1amiento de los artistas y del p\u00fablico que particip\u00f3 de la actividad, e invitaron a <strong>seguir atentos a las novedades del festival<\/strong> que se ir\u00e1n anunciando durante el a\u00f1o.<\/p>\n\n\n\n<p>#FestivalCountry #SanPedro #Expoagro #Tecn\u00f3dromo #CountryMusic #Turismo #Eventos #LineDance #CherryCollins<\/p>\n\n\n\n<div class=\"wp-block-jetpack-slideshow aligncenter\" data-effect=\"slide\" style=\"--aspect-ratio:calc(1024 \/ 461)\"><div class=\"wp-block-jetpack-slideshow_container swiper\"><ul class=\"wp-block-jetpack-slideshow_swiper-wrapper swiper-wrapper\"><li class=\"wp-block-jetpack-slideshow_slide swiper-slide\"><figure><img decoding=\"async\" width=\"1024\" height=\"461\" alt=\"\" class=\"wp-block-jetpack-slideshow_image wp-image-148756 lazyload\" data-id=\"148756\" data-aspect-ratio=\"1024 \/ 461\" data-src=\"https:\/\/eldiariodesanpedro.com.ar\/sitio\/wp-content\/uploads\/2026\/03\/WhatsApp-Image-2026-03-12-at-17.15.21-1024x461.jpeg\" data-srcset=\"https:\/\/eldiariodesanpedro.com.ar\/sitio\/wp-content\/uploads\/2026\/03\/WhatsApp-Image-2026-03-12-at-17.15.21-1024x461.jpeg 1024w, https:\/\/eldiariodesanpedro.com.ar\/sitio\/wp-content\/uploads\/2026\/03\/WhatsApp-Image-2026-03-12-at-17.15.21-300x135.jpeg 300w, https:\/\/eldiariodesanpedro.com.ar\/sitio\/wp-content\/uploads\/2026\/03\/WhatsApp-Image-2026-03-12-at-17.15.21-768x346.jpeg 768w, https:\/\/eldiariodesanpedro.com.ar\/sitio\/wp-content\/uploads\/2026\/03\/WhatsApp-Image-2026-03-12-at-17.15.21.jpeg 1200w\" data-sizes=\"(max-width: 1024px) 100vw, 1024px\" src=\"data:image\/svg+xml;base64,PHN2ZyB3aWR0aD0iMSIgaGVpZ2h0PSIxIiB4bWxucz0iaHR0cDovL3d3dy53My5vcmcvMjAwMC9zdmciPjwvc3ZnPg==\" style=\"--smush-placeholder-width: 1024px; --smush-placeholder-aspect-ratio: 1024\/461;\" \/><\/figure><\/li><li class=\"wp-block-jetpack-slideshow_slide swiper-slide\"><figure><img decoding=\"async\" width=\"1024\" height=\"461\" alt=\"\" class=\"wp-block-jetpack-slideshow_image wp-image-148757 lazyload\" data-id=\"148757\" data-aspect-ratio=\"1024 \/ 461\" data-src=\"https:\/\/eldiariodesanpedro.com.ar\/sitio\/wp-content\/uploads\/2026\/03\/WhatsApp-Image-2026-03-12-at-17.15.22-1024x461.jpeg\" data-srcset=\"https:\/\/eldiariodesanpedro.com.ar\/sitio\/wp-content\/uploads\/2026\/03\/WhatsApp-Image-2026-03-12-at-17.15.22-1024x461.jpeg 1024w, https:\/\/eldiariodesanpedro.com.ar\/sitio\/wp-content\/uploads\/2026\/03\/WhatsApp-Image-2026-03-12-at-17.15.22-300x135.jpeg 300w, https:\/\/eldiariodesanpedro.com.ar\/sitio\/wp-content\/uploads\/2026\/03\/WhatsApp-Image-2026-03-12-at-17.15.22-768x346.jpeg 768w, https:\/\/eldiariodesanpedro.com.ar\/sitio\/wp-content\/uploads\/2026\/03\/WhatsApp-Image-2026-03-12-at-17.15.22.jpeg 1200w\" data-sizes=\"(max-width: 1024px) 100vw, 1024px\" src=\"data:image\/svg+xml;base64,PHN2ZyB3aWR0aD0iMSIgaGVpZ2h0PSIxIiB4bWxucz0iaHR0cDovL3d3dy53My5vcmcvMjAwMC9zdmciPjwvc3ZnPg==\" style=\"--smush-placeholder-width: 1024px; --smush-placeholder-aspect-ratio: 1024\/461;\" \/><\/figure><\/li><li class=\"wp-block-jetpack-slideshow_slide swiper-slide\"><figure><img decoding=\"async\" width=\"1024\" height=\"461\" alt=\"\" class=\"wp-block-jetpack-slideshow_image wp-image-148758 lazyload\" data-id=\"148758\" data-aspect-ratio=\"1024 \/ 461\" data-src=\"https:\/\/eldiariodesanpedro.com.ar\/sitio\/wp-content\/uploads\/2026\/03\/WhatsApp-Image-2026-03-12-at-17.15.221-1024x461.jpeg\" data-srcset=\"https:\/\/eldiariodesanpedro.com.ar\/sitio\/wp-content\/uploads\/2026\/03\/WhatsApp-Image-2026-03-12-at-17.15.221-1024x461.jpeg 1024w, https:\/\/eldiariodesanpedro.com.ar\/sitio\/wp-content\/uploads\/2026\/03\/WhatsApp-Image-2026-03-12-at-17.15.221-300x135.jpeg 300w, https:\/\/eldiariodesanpedro.com.ar\/sitio\/wp-content\/uploads\/2026\/03\/WhatsApp-Image-2026-03-12-at-17.15.221-768x346.jpeg 768w, https:\/\/eldiariodesanpedro.com.ar\/sitio\/wp-content\/uploads\/2026\/03\/WhatsApp-Image-2026-03-12-at-17.15.221.jpeg 1200w\" data-sizes=\"(max-width: 1024px) 100vw, 1024px\" src=\"data:image\/svg+xml;base64,PHN2ZyB3aWR0aD0iMSIgaGVpZ2h0PSIxIiB4bWxucz0iaHR0cDovL3d3dy53My5vcmcvMjAwMC9zdmciPjwvc3ZnPg==\" style=\"--smush-placeholder-width: 1024px; --smush-placeholder-aspect-ratio: 1024\/461;\" \/><\/figure><\/li><\/ul><a class=\"wp-block-jetpack-slideshow_button-prev swiper-button-prev swiper-button-white\" role=\"button\"><\/a><a class=\"wp-block-jetpack-slideshow_button-next swiper-button-next swiper-button-white\" role=\"button\"><\/a><a aria-label=\"Pause Slideshow\" class=\"wp-block-jetpack-slideshow_button-pause\" role=\"button\"><\/a><div class=\"wp-block-jetpack-slideshow_pagination swiper-pagination swiper-pagination-white\"><\/div><\/div><\/div>\n","protected":false},"excerpt":{"rendered":"<p>El Festival de M\u00fasica Country de San Pedro tuvo su espacio en Expoagro con un show en el Tecn\u00f3dromo que combin\u00f3 m\u00fasica en vivo y line dance ante cientos de visitantes. En el marco de las actividades de Expoagro, el Festival de M\u00fasica Country de San Pedro tuvo una destacada participaci\u00f3n este jueves en el [&hellip;]<\/p>\n","protected":false},"author":4,"featured_media":148760,"comment_status":"closed","ping_status":"closed","sticky":false,"template":"","format":"standard","meta":{"om_disable_all_campaigns":false,"_jetpack_memberships_contains_paid_content":false,"footnotes":""},"categories":[50,101,2],"tags":[9215,9214,9211,9213,9216,6337,9212],"class_list":["post-148755","post","type-post","status-publish","format-standard","has-post-thumbnail","hentry","category-destacadas","category-interes-general-locales","category-locales","tag-cherry-collins","tag-expoagro-tecnodromo","tag-festival-country-san-pedro","tag-festival-de-musica-country-san-pedro","tag-line-dance-rosario-country-rebeles","tag-musica-country-en-argentina","tag-turismo-san-pedro-eventos"],"aioseo_notices":[],"gutentor_comment":0,"jetpack_featured_media_url":"https:\/\/eldiariodesanpedro.com.ar\/sitio\/wp-content\/uploads\/2026\/03\/Gemini_Generated_Image_6vbdtu6vbdtu6vbd.jpg","jetpack_shortlink":"https:\/\/wp.me\/p6RhLt-CHh","jetpack_sharing_enabled":true,"_links":{"self":[{"href":"https:\/\/eldiariodesanpedro.com.ar\/sitio\/wp-json\/wp\/v2\/posts\/148755","targetHints":{"allow":["GET"]}}],"collection":[{"href":"https:\/\/eldiariodesanpedro.com.ar\/sitio\/wp-json\/wp\/v2\/posts"}],"about":[{"href":"https:\/\/eldiariodesanpedro.com.ar\/sitio\/wp-json\/wp\/v2\/types\/post"}],"author":[{"embeddable":true,"href":"https:\/\/eldiariodesanpedro.com.ar\/sitio\/wp-json\/wp\/v2\/users\/4"}],"replies":[{"embeddable":true,"href":"https:\/\/eldiariodesanpedro.com.ar\/sitio\/wp-json\/wp\/v2\/comments?post=148755"}],"version-history":[{"count":1,"href":"https:\/\/eldiariodesanpedro.com.ar\/sitio\/wp-json\/wp\/v2\/posts\/148755\/revisions"}],"predecessor-version":[{"id":148761,"href":"https:\/\/eldiariodesanpedro.com.ar\/sitio\/wp-json\/wp\/v2\/posts\/148755\/revisions\/148761"}],"wp:featuredmedia":[{"embeddable":true,"href":"https:\/\/eldiariodesanpedro.com.ar\/sitio\/wp-json\/wp\/v2\/media\/148760"}],"wp:attachment":[{"href":"https:\/\/eldiariodesanpedro.com.ar\/sitio\/wp-json\/wp\/v2\/media?parent=148755"}],"wp:term":[{"taxonomy":"category","embeddable":true,"href":"https:\/\/eldiariodesanpedro.com.ar\/sitio\/wp-json\/wp\/v2\/categories?post=148755"},{"taxonomy":"post_tag","embeddable":true,"href":"https:\/\/eldiariodesanpedro.com.ar\/sitio\/wp-json\/wp\/v2\/tags?post=148755"}],"curies":[{"name":"wp","href":"https:\/\/api.w.org\/{rel}","templated":true}]}}